{"id":3235,"date":"2023-08-11T21:16:19","date_gmt":"2023-08-11T19:16:19","guid":{"rendered":"https:\/\/amandus.se\/blogg\/?p=3235"},"modified":"2023-08-11T21:16:36","modified_gmt":"2023-08-11T19:16:36","slug":"nu-ar-det-fina-dagar-igen-pa-oland","status":"publish","type":"post","link":"https:\/\/amandus.se\/blogg\/?p=3235","title":{"rendered":"Nu \u00e4r det fina dagar igen p\u00e5 \u00d6land."},"content":{"rendered":"\n<p>Vi har haft ett par slappardagar i v\u00e4ntan p\u00e5 sommarv\u00e4der. Den, 9\/8 \u00e5kte vi till Gr\u00f6nh\u00f6gens st\u00e4llplats. P\u00e5 kv\u00e4llen \u00e5t vi p\u00e5 Kvarnen i Gr\u00f6nh\u00f6gen. Vi firade 54 \u00e5r som par och 53 \u00e5r som f\u00f6rlovade. <\/p>\n\n\n\n<figure class=\"wp-block-image size-full\"><img loading=\"lazy\" decoding=\"async\" width=\"525\" height=\"480\" src=\"https:\/\/amandus.se\/blogg\/wp-content\/uploads\/2023\/08\/IMG_51671.jpg\" alt=\"\" class=\"wp-image-3236\" srcset=\"https:\/\/amandus.se\/blogg\/wp-content\/uploads\/2023\/08\/IMG_51671.jpg 525w, https:\/\/amandus.se\/blogg\/wp-content\/uploads\/2023\/08\/IMG_51671-300x274.jpg 300w\" sizes=\"auto, (max-width: 525px) 100vw, 525px\" \/><figcaption class=\"wp-element-caption\"><strong>Restaurang Kvarnen<\/strong><\/figcaption><\/figure>\n\n\n\n<p>I Gr\u00f6nh\u00f6gen \u00e4r det n\u00e5gon som smyckar omr\u00e5det med figurer i j\u00e4rn. De st\u00e5r lite \u00f6verallt. <\/p>\n\n\n\n<figure class=\"wp-block-image size-full\"><img loading=\"lazy\" decoding=\"async\" width=\"480\" height=\"511\" src=\"https:\/\/amandus.se\/blogg\/wp-content\/uploads\/2023\/08\/IMG_51661.jpg\" alt=\"\" class=\"wp-image-3237\" srcset=\"https:\/\/amandus.se\/blogg\/wp-content\/uploads\/2023\/08\/IMG_51661.jpg 480w, https:\/\/amandus.se\/blogg\/wp-content\/uploads\/2023\/08\/IMG_51661-282x300.jpg 282w\" sizes=\"auto, (max-width: 480px) 100vw, 480px\" \/><\/figure>\n\n\n\n<p>I g\u00e5r, 10\/8, verkade det \u00e4ntligen bli lysv\u00e4der. <\/p>\n\n\n\n<figure class=\"wp-block-image size-full\"><img loading=\"lazy\" decoding=\"async\" width=\"640\" height=\"394\" src=\"https:\/\/amandus.se\/blogg\/wp-content\/uploads\/2023\/08\/IMG_51681.jpg\" alt=\"\" class=\"wp-image-3239\" srcset=\"https:\/\/amandus.se\/blogg\/wp-content\/uploads\/2023\/08\/IMG_51681.jpg 640w, https:\/\/amandus.se\/blogg\/wp-content\/uploads\/2023\/08\/IMG_51681-300x185.jpg 300w\" sizes=\"auto, (max-width: 640px) 100vw, 640px\" \/><figcaption class=\"wp-element-caption\"><strong>Fin solnedg\u00e5ng \u00f6ver G\u00e5rdby sandhed<\/strong><\/figcaption><\/figure>\n\n\n\n<p>Vi satte upp lampan p\u00e5 G\u00e5rdby sandhed. Det fl\u00f6g hyfsat bra men inga nykomlingar.<\/p>\n\n\n\n<figure class=\"wp-block-image size-full\"><img loading=\"lazy\" decoding=\"async\" width=\"401\" height=\"468\" src=\"https:\/\/amandus.se\/blogg\/wp-content\/uploads\/2023\/08\/IMG_51691.jpg\" alt=\"\" class=\"wp-image-3238\" srcset=\"https:\/\/amandus.se\/blogg\/wp-content\/uploads\/2023\/08\/IMG_51691.jpg 401w, https:\/\/amandus.se\/blogg\/wp-content\/uploads\/2023\/08\/IMG_51691-257x300.jpg 257w\" sizes=\"auto, (max-width: 401px) 100vw, 401px\" \/><figcaption class=\"wp-element-caption\"><strong>Lampan \u00e4r t\u00e4nd<\/strong><\/figcaption><\/figure>\n\n\n\n<p>I dag, 11\/8, n\u00e4r vi vaknade sken solen! Det var ett tag sedan som solen v\u00e4ckte oss. <\/p>\n\n\n\n<figure class=\"wp-block-image size-full\"><img loading=\"lazy\" decoding=\"async\" width=\"640\" height=\"480\" src=\"https:\/\/amandus.se\/blogg\/wp-content\/uploads\/2023\/08\/IMG_5175.jpg\" alt=\"\" class=\"wp-image-3240\" srcset=\"https:\/\/amandus.se\/blogg\/wp-content\/uploads\/2023\/08\/IMG_5175.jpg 640w, https:\/\/amandus.se\/blogg\/wp-content\/uploads\/2023\/08\/IMG_5175-300x225.jpg 300w\" sizes=\"auto, (max-width: 640px) 100vw, 640px\" \/><figcaption class=\"wp-element-caption\"><strong>Fj\u00e4rilar lite h\u00e4r och var.<\/strong> <strong>H\u00e4rligt att vakna och solen skiner<\/strong><\/figcaption><\/figure>\n\n\n\n<p>Nu \u00e4r vi i Kalkstad och t\u00e4nker lysa h\u00e4r. N\u00e4r vi var i Kalkstad f\u00f6r n\u00e5gra dagar sedan h\u00e4ngde Anders upp en betesf\u00e4lla i buskarna. I dag var det dags att t\u00f6mma f\u00e4llan. Det var s\u00e4kert 50 &#8211; 60 fj\u00e4rilar i spannen. Det \u00e4r inte gift i f\u00e4llan s\u00e5 efter att Anders kollat fynden s\u00e5 sl\u00e4ppte vi samtliga.<\/p>\n\n\n\n<figure class=\"wp-block-image size-full\"><img loading=\"lazy\" decoding=\"async\" width=\"480\" height=\"640\" src=\"https:\/\/amandus.se\/blogg\/wp-content\/uploads\/2023\/08\/IMG_5179-rotated.jpg\" alt=\"\" class=\"wp-image-3241\" srcset=\"https:\/\/amandus.se\/blogg\/wp-content\/uploads\/2023\/08\/IMG_5179-rotated.jpg 480w, https:\/\/amandus.se\/blogg\/wp-content\/uploads\/2023\/08\/IMG_5179-225x300.jpg 225w\" sizes=\"auto, (max-width: 480px) 100vw, 480px\" \/><figcaption class=\"wp-element-caption\"><strong>N\u00e4stan som julafton n\u00e4r f\u00e4llan \u00f6ppnas<\/strong><\/figcaption><\/figure>\n\n\n\n<figure class=\"wp-block-image size-full\"><img loading=\"lazy\" decoding=\"async\" width=\"480\" height=\"640\" src=\"https:\/\/amandus.se\/blogg\/wp-content\/uploads\/2023\/08\/IMG_51831.jpg\" alt=\"\" class=\"wp-image-3242\" srcset=\"https:\/\/amandus.se\/blogg\/wp-content\/uploads\/2023\/08\/IMG_51831.jpg 480w, https:\/\/amandus.se\/blogg\/wp-content\/uploads\/2023\/08\/IMG_51831-225x300.jpg 225w\" sizes=\"auto, (max-width: 480px) 100vw, 480px\" \/><figcaption class=\"wp-element-caption\"><strong>Bara p\u00e5 en av \u00e4ggkartongerna i f\u00e4llan satt det 15 fj\u00e4rilar<\/strong><\/figcaption><\/figure>\n","protected":false},"excerpt":{"rendered":"<p>Vi har haft ett par slappardagar i v\u00e4ntan p\u00e5 sommarv\u00e4der. Den, 9\/8 \u00e5kte vi till Gr\u00f6nh\u00f6gens st\u00e4llplats. P\u00e5 kv\u00e4llen \u00e5t vi p\u00e5 Kvarnen i Gr\u00f6nh\u00f6gen. Vi firade 54 \u00e5r som par och 53 \u00e5r som f\u00f6rlovade. I Gr\u00f6nh\u00f6gen \u00e4r det n\u00e5gon som smyckar omr\u00e5det med figurer i j\u00e4rn. De st\u00e5r lite \u00f6verallt. I g\u00e5r, 10\/8, &hellip; <a href=\"https:\/\/amandus.se\/blogg\/?p=3235\" class=\"more-link\">Forts\u00e4tt l\u00e4sa <span class=\"screen-reader-text\">Nu \u00e4r det fina dagar igen p\u00e5 \u00d6land.<\/span> <span class=\"meta-nav\">&rarr;<\/span><\/a><\/p>\n","protected":false},"author":1,"featured_media":0,"comment_status":"open","ping_status":"open","sticky":false,"template":"","format":"standard","meta":{"footnotes":""},"categories":[4,5,6],"tags":[],"class_list":["post-3235","post","type-post","status-publish","format-standard","hentry","category-ditt-och-datt","category-fjarilarbutterfly","category-sverigesweden"],"_links":{"self":[{"href":"https:\/\/amandus.se\/blogg\/index.php?rest_route=\/wp\/v2\/posts\/3235","targetHints":{"allow":["GET"]}}],"collection":[{"href":"https:\/\/amandus.se\/blogg\/index.php?rest_route=\/wp\/v2\/posts"}],"about":[{"href":"https:\/\/amandus.se\/blogg\/index.php?rest_route=\/wp\/v2\/types\/post"}],"author":[{"embeddable":true,"href":"https:\/\/amandus.se\/blogg\/index.php?rest_route=\/wp\/v2\/users\/1"}],"replies":[{"embeddable":true,"href":"https:\/\/amandus.se\/blogg\/index.php?rest_route=%2Fwp%2Fv2%2Fcomments&post=3235"}],"version-history":[{"count":1,"href":"https:\/\/amandus.se\/blogg\/index.php?rest_route=\/wp\/v2\/posts\/3235\/revisions"}],"predecessor-version":[{"id":3243,"href":"https:\/\/amandus.se\/blogg\/index.php?rest_route=\/wp\/v2\/posts\/3235\/revisions\/3243"}],"wp:attachment":[{"href":"https:\/\/amandus.se\/blogg\/index.php?rest_route=%2Fwp%2Fv2%2Fmedia&parent=3235"}],"wp:term":[{"taxonomy":"category","embeddable":true,"href":"https:\/\/amandus.se\/blogg\/index.php?rest_route=%2Fwp%2Fv2%2Fcategories&post=3235"},{"taxonomy":"post_tag","embeddable":true,"href":"https:\/\/amandus.se\/blogg\/index.php?rest_route=%2Fwp%2Fv2%2Ftags&post=3235"}],"curies":[{"name":"wp","href":"https:\/\/api.w.org\/{rel}","templated":true}]}}