{"id":3245,"date":"2023-08-12T19:49:26","date_gmt":"2023-08-12T17:49:26","guid":{"rendered":"https:\/\/amandus.se\/blogg\/?p=3245"},"modified":"2023-08-12T19:52:06","modified_gmt":"2023-08-12T17:52:06","slug":"en-dag-pa-olands-alvar","status":"publish","type":"post","link":"https:\/\/amandus.se\/blogg\/?p=3245","title":{"rendered":"En dag p\u00e5 \u00d6lands alvar"},"content":{"rendered":"\n<p>I dag, 12\/8, vaknade vi till sol \u00f6ver alvaret.<\/p>\n\n\n\n<figure class=\"wp-block-image size-full is-resized\"><img loading=\"lazy\" decoding=\"async\" src=\"https:\/\/amandus.se\/blogg\/wp-content\/uploads\/2023\/08\/IMG_5191-rotated.jpg\" alt=\"\" class=\"wp-image-3246\" style=\"width:305px;height:406px\" width=\"305\" height=\"406\" srcset=\"https:\/\/amandus.se\/blogg\/wp-content\/uploads\/2023\/08\/IMG_5191-rotated.jpg 480w, https:\/\/amandus.se\/blogg\/wp-content\/uploads\/2023\/08\/IMG_5191-225x300.jpg 225w\" sizes=\"auto, (max-width: 305px) 100vw, 305px\" \/><\/figure>\n\n\n\n<p>Vi best\u00e4mde oss f\u00f6r att ge alvaret v\u00e5r dag. Det \u00e4r o\u00e4ndliga vidder med l\u00e5gv\u00e4xande buskar och blommor. <\/p>\n\n\n\n<figure class=\"wp-block-image size-full\"><img loading=\"lazy\" decoding=\"async\" width=\"640\" height=\"480\" src=\"https:\/\/amandus.se\/blogg\/wp-content\/uploads\/2023\/08\/IMG_51931.jpg\" alt=\"\" class=\"wp-image-3247\" srcset=\"https:\/\/amandus.se\/blogg\/wp-content\/uploads\/2023\/08\/IMG_51931.jpg 640w, https:\/\/amandus.se\/blogg\/wp-content\/uploads\/2023\/08\/IMG_51931-300x225.jpg 300w\" sizes=\"auto, (max-width: 640px) 100vw, 640px\" \/><figcaption class=\"wp-element-caption\">Sl\u00e4t mark s\u00e5 l\u00e5ngt man kan se<\/figcaption><\/figure>\n\n\n\n<figure class=\"wp-block-gallery has-nested-images columns-default is-cropped wp-block-gallery-1 is-layout-flex wp-block-gallery-is-layout-flex\">\n<figure class=\"wp-block-image size-large\"><img loading=\"lazy\" decoding=\"async\" width=\"683\" height=\"1024\" data-id=\"3256\" src=\"https:\/\/amandus.se\/blogg\/wp-content\/uploads\/2023\/08\/IMG_9828-1-683x1024.jpg\" alt=\"\" class=\"wp-image-3256\" srcset=\"https:\/\/amandus.se\/blogg\/wp-content\/uploads\/2023\/08\/IMG_9828-1-683x1024.jpg 683w, https:\/\/amandus.se\/blogg\/wp-content\/uploads\/2023\/08\/IMG_9828-1-200x300.jpg 200w, https:\/\/amandus.se\/blogg\/wp-content\/uploads\/2023\/08\/IMG_9828-1-768x1152.jpg 768w, https:\/\/amandus.se\/blogg\/wp-content\/uploads\/2023\/08\/IMG_9828-1.jpg 900w\" sizes=\"auto, (max-width: 683px) 100vw, 683px\" \/><figcaption class=\"wp-element-caption\">Axveronika<\/figcaption><\/figure>\n\n\n\n<figure class=\"wp-block-image size-large is-style-rounded\"><img loading=\"lazy\" decoding=\"async\" width=\"900\" height=\"600\" data-id=\"3258\" src=\"https:\/\/amandus.se\/blogg\/wp-content\/uploads\/2023\/08\/IMG_9829-1.jpg\" alt=\"\" class=\"wp-image-3258\" srcset=\"https:\/\/amandus.se\/blogg\/wp-content\/uploads\/2023\/08\/IMG_9829-1.jpg 900w, https:\/\/amandus.se\/blogg\/wp-content\/uploads\/2023\/08\/IMG_9829-1-300x200.jpg 300w, https:\/\/amandus.se\/blogg\/wp-content\/uploads\/2023\/08\/IMG_9829-1-768x512.jpg 768w\" sizes=\"auto, (max-width: 900px) 100vw, 900px\" \/><figcaption class=\"wp-element-caption\">Timjan<\/figcaption><\/figure>\n\n\n\n<figure class=\"wp-block-image size-large\"><img loading=\"lazy\" decoding=\"async\" width=\"1000\" height=\"667\" data-id=\"3257\" src=\"https:\/\/amandus.se\/blogg\/wp-content\/uploads\/2023\/08\/IMG_9830-1.jpg\" alt=\"\" class=\"wp-image-3257\" srcset=\"https:\/\/amandus.se\/blogg\/wp-content\/uploads\/2023\/08\/IMG_9830-1.jpg 1000w, https:\/\/amandus.se\/blogg\/wp-content\/uploads\/2023\/08\/IMG_9830-1-300x200.jpg 300w, https:\/\/amandus.se\/blogg\/wp-content\/uploads\/2023\/08\/IMG_9830-1-768x512.jpg 768w\" sizes=\"auto, (max-width: 1000px) 100vw, 1000px\" \/><figcaption class=\"wp-element-caption\">Praktbrun\u00f6rt<\/figcaption><\/figure>\n\n\n\n<figure class=\"wp-block-image size-large is-style-rounded\"><img loading=\"lazy\" decoding=\"async\" width=\"683\" height=\"1024\" data-id=\"3254\" src=\"https:\/\/amandus.se\/blogg\/wp-content\/uploads\/2023\/08\/IMG_9846-1-683x1024.jpg\" alt=\"\" class=\"wp-image-3254\" srcset=\"https:\/\/amandus.se\/blogg\/wp-content\/uploads\/2023\/08\/IMG_9846-1-683x1024.jpg 683w, https:\/\/amandus.se\/blogg\/wp-content\/uploads\/2023\/08\/IMG_9846-1-200x300.jpg 200w, https:\/\/amandus.se\/blogg\/wp-content\/uploads\/2023\/08\/IMG_9846-1-768x1152.jpg 768w, https:\/\/amandus.se\/blogg\/wp-content\/uploads\/2023\/08\/IMG_9846-1.jpg 900w\" sizes=\"auto, (max-width: 683px) 100vw, 683px\" \/><figcaption class=\"wp-element-caption\">Bl\u00e5klocka<\/figcaption><\/figure>\n\n\n\n<figure class=\"wp-block-image size-large\"><img loading=\"lazy\" decoding=\"async\" width=\"683\" height=\"1024\" data-id=\"3255\" src=\"https:\/\/amandus.se\/blogg\/wp-content\/uploads\/2023\/08\/IMG_9848-683x1024.jpg\" alt=\"\" class=\"wp-image-3255\" srcset=\"https:\/\/amandus.se\/blogg\/wp-content\/uploads\/2023\/08\/IMG_9848-683x1024.jpg 683w, https:\/\/amandus.se\/blogg\/wp-content\/uploads\/2023\/08\/IMG_9848-200x300.jpg 200w, https:\/\/amandus.se\/blogg\/wp-content\/uploads\/2023\/08\/IMG_9848-768x1152.jpg 768w, https:\/\/amandus.se\/blogg\/wp-content\/uploads\/2023\/08\/IMG_9848.jpg 900w\" sizes=\"auto, (max-width: 683px) 100vw, 683px\" \/><figcaption class=\"wp-element-caption\">Liten sandlilja<\/figcaption><\/figure>\n\n\n\n<figure class=\"wp-block-image size-large\"><img loading=\"lazy\" decoding=\"async\" width=\"480\" height=\"640\" data-id=\"3253\" src=\"https:\/\/amandus.se\/blogg\/wp-content\/uploads\/2023\/08\/IMG_52001-1.jpg\" alt=\"\" class=\"wp-image-3253\" srcset=\"https:\/\/amandus.se\/blogg\/wp-content\/uploads\/2023\/08\/IMG_52001-1.jpg 480w, https:\/\/amandus.se\/blogg\/wp-content\/uploads\/2023\/08\/IMG_52001-1-225x300.jpg 225w\" sizes=\"auto, (max-width: 480px) 100vw, 480px\" \/><figcaption class=\"wp-element-caption\">\u00d6landstok<\/figcaption><\/figure>\n<\/figure>\n\n\n\n<p>Det fl\u00f6g m\u00e5nga Sandgr\u00e4sfj\u00e4rilar. Vi f\u00f6ljde en hane som entr\u00e4get uppvaktade en hona&#8230;.. utan framg\u00e5ng.<\/p>\n\n\n\n<figure class=\"wp-block-image size-full\"><img loading=\"lazy\" decoding=\"async\" width=\"1000\" height=\"667\" src=\"https:\/\/amandus.se\/blogg\/wp-content\/uploads\/2023\/08\/IMG_9826.jpg\" alt=\"\" class=\"wp-image-3259\" srcset=\"https:\/\/amandus.se\/blogg\/wp-content\/uploads\/2023\/08\/IMG_9826.jpg 1000w, https:\/\/amandus.se\/blogg\/wp-content\/uploads\/2023\/08\/IMG_9826-300x200.jpg 300w, https:\/\/amandus.se\/blogg\/wp-content\/uploads\/2023\/08\/IMG_9826-768x512.jpg 768w\" sizes=\"auto, (max-width: 1000px) 100vw, 1000px\" \/><figcaption class=\"wp-element-caption\">Honan \u00e4r fj\u00e4rilen med utslagna vingar hanen till v\u00e4nster. <strong> H.semele (Sandgr\u00e4sfj\u00e4ril)<\/strong><\/figcaption><\/figure>\n\n\n\n<p>Vi s\u00e5g flera Bl\u00e5vingade gr\u00e4shoppor men fick tyv\u00e4rr ingen bild d\u00e4r man ser de bl\u00e5 flygvingarna.<\/p>\n\n\n\n<figure class=\"wp-block-image size-full\"><img loading=\"lazy\" decoding=\"async\" width=\"1000\" height=\"667\" src=\"https:\/\/amandus.se\/blogg\/wp-content\/uploads\/2023\/08\/IMG_9832.jpg\" alt=\"\" class=\"wp-image-3260\" srcset=\"https:\/\/amandus.se\/blogg\/wp-content\/uploads\/2023\/08\/IMG_9832.jpg 1000w, https:\/\/amandus.se\/blogg\/wp-content\/uploads\/2023\/08\/IMG_9832-300x200.jpg 300w, https:\/\/amandus.se\/blogg\/wp-content\/uploads\/2023\/08\/IMG_9832-768x512.jpg 768w\" sizes=\"auto, (max-width: 1000px) 100vw, 1000px\" \/><figcaption class=\"wp-element-caption\">Bl\u00e5vingad gr\u00e5shoppa <\/figcaption><\/figure>\n\n\n\n<p>Vi hade turen att f\u00e5 se en Trumgr\u00e4shoppa. Den \u00e4r s\u00e4llsynt och starkt hotad.  Man st\u00f6duppf\u00f6der den p\u00e5 Nordens Ark. Trumgr\u00e4shoppans bakvingar \u00e4r klarr\u00f6da.<\/p>\n\n\n\n<figure class=\"wp-block-image size-full\"><img loading=\"lazy\" decoding=\"async\" width=\"1000\" height=\"667\" src=\"https:\/\/amandus.se\/blogg\/wp-content\/uploads\/2023\/08\/IMG_9838.jpg\" alt=\"\" class=\"wp-image-3261\" srcset=\"https:\/\/amandus.se\/blogg\/wp-content\/uploads\/2023\/08\/IMG_9838.jpg 1000w, https:\/\/amandus.se\/blogg\/wp-content\/uploads\/2023\/08\/IMG_9838-300x200.jpg 300w, https:\/\/amandus.se\/blogg\/wp-content\/uploads\/2023\/08\/IMG_9838-768x512.jpg 768w\" sizes=\"auto, (max-width: 1000px) 100vw, 1000px\" \/><figcaption class=\"wp-element-caption\">Trumgr\u00e4shoppa<\/figcaption><\/figure>\n\n\n\n<p>Jag gjorde ett f\u00f6rs\u00f6k att filma med mobilen. Man kan i iallafall ana lite r\u00f6tt n\u00e4r den hoppade iv\u00e4g.<\/p>\n\n\n\n<figure class=\"wp-block-image size-full is-resized\"><img loading=\"lazy\" decoding=\"async\" src=\"https:\/\/amandus.se\/blogg\/wp-content\/uploads\/2023\/08\/IMG_520411.jpg\" alt=\"\" class=\"wp-image-3262\" style=\"width:303px;height:394px\" width=\"303\" height=\"394\"\/><\/figure>\n\n\n\n<p>Vi har slagit nattl\u00e4ger vid M\u00f6ckelmossen. V\u00e5ra grannar h\u00e4r har en lite annorlunda t\u00e4ltvariant. Jag \u00e4r inte s\u00e4ker p\u00e5 att jag skulle sova lugnt d\u00e4ruppe. Om jag ens kommit upp :)<\/p>\n\n\n\n<figure class=\"wp-block-image size-full\"><img loading=\"lazy\" decoding=\"async\" width=\"480\" height=\"382\" src=\"https:\/\/amandus.se\/blogg\/wp-content\/uploads\/2023\/08\/IMG_52071.jpg\" alt=\"\" class=\"wp-image-3263\" srcset=\"https:\/\/amandus.se\/blogg\/wp-content\/uploads\/2023\/08\/IMG_52071.jpg 480w, https:\/\/amandus.se\/blogg\/wp-content\/uploads\/2023\/08\/IMG_52071-300x239.jpg 300w\" sizes=\"auto, (max-width: 480px) 100vw, 480px\" \/><\/figure>\n","protected":false},"excerpt":{"rendered":"<p>I dag, 12\/8, vaknade vi till sol \u00f6ver alvaret. Vi best\u00e4mde oss f\u00f6r att ge alvaret v\u00e5r dag. Det \u00e4r o\u00e4ndliga vidder med l\u00e5gv\u00e4xande buskar och blommor. Det fl\u00f6g m\u00e5nga Sandgr\u00e4sfj\u00e4rilar. Vi f\u00f6ljde en hane som entr\u00e4get uppvaktade en hona&#8230;.. utan framg\u00e5ng. Vi s\u00e5g flera Bl\u00e5vingade gr\u00e4shoppor men fick tyv\u00e4rr ingen bild d\u00e4r man ser &hellip; <a href=\"https:\/\/amandus.se\/blogg\/?p=3245\" class=\"more-link\">Forts\u00e4tt l\u00e4sa <span class=\"screen-reader-text\">En dag p\u00e5 \u00d6lands alvar<\/span> <span class=\"meta-nav\">&rarr;<\/span><\/a><\/p>\n","protected":false},"author":1,"featured_media":0,"comment_status":"open","ping_status":"open","sticky":false,"template":"","format":"standard","meta":{"footnotes":""},"categories":[4,5,6],"tags":[],"class_list":["post-3245","post","type-post","status-publish","format-standard","hentry","category-ditt-och-datt","category-fjarilarbutterfly","category-sverigesweden"],"_links":{"self":[{"href":"https:\/\/amandus.se\/blogg\/index.php?rest_route=\/wp\/v2\/posts\/3245","targetHints":{"allow":["GET"]}}],"collection":[{"href":"https:\/\/amandus.se\/blogg\/index.php?rest_route=\/wp\/v2\/posts"}],"about":[{"href":"https:\/\/amandus.se\/blogg\/index.php?rest_route=\/wp\/v2\/types\/post"}],"author":[{"embeddable":true,"href":"https:\/\/amandus.se\/blogg\/index.php?rest_route=\/wp\/v2\/users\/1"}],"replies":[{"embeddable":true,"href":"https:\/\/amandus.se\/blogg\/index.php?rest_route=%2Fwp%2Fv2%2Fcomments&post=3245"}],"version-history":[{"count":2,"href":"https:\/\/amandus.se\/blogg\/index.php?rest_route=\/wp\/v2\/posts\/3245\/revisions"}],"predecessor-version":[{"id":3265,"href":"https:\/\/amandus.se\/blogg\/index.php?rest_route=\/wp\/v2\/posts\/3245\/revisions\/3265"}],"wp:attachment":[{"href":"https:\/\/amandus.se\/blogg\/index.php?rest_route=%2Fwp%2Fv2%2Fmedia&parent=3245"}],"wp:term":[{"taxonomy":"category","embeddable":true,"href":"https:\/\/amandus.se\/blogg\/index.php?rest_route=%2Fwp%2Fv2%2Fcategories&post=3245"},{"taxonomy":"post_tag","embeddable":true,"href":"https:\/\/amandus.se\/blogg\/index.php?rest_route=%2Fwp%2Fv2%2Ftags&post=3245"}],"curies":[{"name":"wp","href":"https:\/\/api.w.org\/{rel}","templated":true}]}}