{"id":3266,"date":"2023-08-15T17:01:15","date_gmt":"2023-08-15T15:01:15","guid":{"rendered":"https:\/\/amandus.se\/blogg\/?p=3266"},"modified":"2023-08-15T17:01:28","modified_gmt":"2023-08-15T15:01:28","slug":"nu-har-vi-landat-i-skane","status":"publish","type":"post","link":"https:\/\/amandus.se\/blogg\/?p=3266","title":{"rendered":"Nu har vi landat i Sk\u00e5ne"},"content":{"rendered":"\n<p>Den 13 aug. l\u00e4mnade vi \u00d6land f\u00f6r denna g\u00e5ngen. Men f\u00f6rhoppningsvis kommer vi tillbaka senare i augusti eller b\u00f6rjan av september. Innan vi l\u00e4mnade alvaret fotade Anders en larv av <strong>S.ocellata (Videsv\u00e4rmarlarv) <\/strong><\/p>\n\n\n\n<figure class=\"wp-block-image size-large is-resized\"><img loading=\"lazy\" decoding=\"async\" src=\"https:\/\/amandus.se\/blogg\/wp-content\/uploads\/2023\/08\/IMG_9863-683x1024.jpg\" alt=\"\" class=\"wp-image-3267\" style=\"width:412px;height:618px\" width=\"412\" height=\"618\" srcset=\"https:\/\/amandus.se\/blogg\/wp-content\/uploads\/2023\/08\/IMG_9863-683x1024.jpg 683w, https:\/\/amandus.se\/blogg\/wp-content\/uploads\/2023\/08\/IMG_9863-200x300.jpg 200w, https:\/\/amandus.se\/blogg\/wp-content\/uploads\/2023\/08\/IMG_9863-768x1152.jpg 768w, https:\/\/amandus.se\/blogg\/wp-content\/uploads\/2023\/08\/IMG_9863.jpg 900w\" sizes=\"auto, (max-width: 412px) 100vw, 412px\" \/><figcaption class=\"wp-element-caption\"> <strong>S.ocellata (Videsv\u00e4rmarlarv) <\/strong><\/figcaption><\/figure>\n\n\n\n<figure class=\"wp-block-image size-full is-resized\"><img loading=\"lazy\" decoding=\"async\" src=\"https:\/\/amandus.se\/blogg\/wp-content\/uploads\/2023\/08\/IMG_52091.jpg\" alt=\"\" class=\"wp-image-3268\" style=\"width:349px;height:432px\" width=\"349\" height=\"432\" srcset=\"https:\/\/amandus.se\/blogg\/wp-content\/uploads\/2023\/08\/IMG_52091.jpg 480w, https:\/\/amandus.se\/blogg\/wp-content\/uploads\/2023\/08\/IMG_52091-242x300.jpg 242w\" sizes=\"auto, (max-width: 349px) 100vw, 349px\" \/><figcaption class=\"wp-element-caption\">Hejd\u00e5 \u00d6land<\/figcaption><\/figure>\n\n\n\n<p>Vi k\u00f6rde till \u00c5hus. V\u00e4dret var perfekt f\u00f6r att t\u00e4nda lampan, stilla och varmt. Det fl\u00f6g bra. Nedan \u00e4r n\u00e5gra av arterna som kom.<\/p>\n\n\n\n<figure class=\"wp-block-gallery has-nested-images columns-default is-cropped wp-block-gallery-1 is-layout-flex wp-block-gallery-is-layout-flex\">\n<figure class=\"wp-block-image size-medium is-style-default\"><img loading=\"lazy\" decoding=\"async\" width=\"300\" height=\"200\" data-id=\"3269\" src=\"https:\/\/amandus.se\/blogg\/wp-content\/uploads\/2023\/08\/IMG_9867-300x200.jpg\" alt=\"\" class=\"wp-image-3269\" style=\"object-fit:cover\" srcset=\"https:\/\/amandus.se\/blogg\/wp-content\/uploads\/2023\/08\/IMG_9867-300x200.jpg 300w, https:\/\/amandus.se\/blogg\/wp-content\/uploads\/2023\/08\/IMG_9867-768x512.jpg 768w, https:\/\/amandus.se\/blogg\/wp-content\/uploads\/2023\/08\/IMG_9867.jpg 900w\" sizes=\"auto, (max-width: 300px) 100vw, 300px\" \/><figcaption class=\"wp-element-caption\"> Gr\u00f6naktigt kn\u00f6lfly<\/figcaption><\/figure>\n\n\n\n<figure class=\"wp-block-image size-large\"><img loading=\"lazy\" decoding=\"async\" width=\"900\" height=\"600\" data-id=\"3271\" src=\"https:\/\/amandus.se\/blogg\/wp-content\/uploads\/2023\/08\/IMG_9873.jpg\" alt=\"\" class=\"wp-image-3271\" srcset=\"https:\/\/amandus.se\/blogg\/wp-content\/uploads\/2023\/08\/IMG_9873.jpg 900w, https:\/\/amandus.se\/blogg\/wp-content\/uploads\/2023\/08\/IMG_9873-300x200.jpg 300w, https:\/\/amandus.se\/blogg\/wp-content\/uploads\/2023\/08\/IMG_9873-768x512.jpg 768w\" sizes=\"auto, (max-width: 900px) 100vw, 900px\" \/><figcaption class=\"wp-element-caption\"> Brun bj\u00f6rnspinnare<\/figcaption><\/figure>\n\n\n\n<figure class=\"wp-block-image size-large\"><img loading=\"lazy\" decoding=\"async\" width=\"900\" height=\"600\" data-id=\"3270\" src=\"https:\/\/amandus.se\/blogg\/wp-content\/uploads\/2023\/08\/IMG_9881.jpg\" alt=\"\" class=\"wp-image-3270\" srcset=\"https:\/\/amandus.se\/blogg\/wp-content\/uploads\/2023\/08\/IMG_9881.jpg 900w, https:\/\/amandus.se\/blogg\/wp-content\/uploads\/2023\/08\/IMG_9881-300x200.jpg 300w, https:\/\/amandus.se\/blogg\/wp-content\/uploads\/2023\/08\/IMG_9881-768x512.jpg 768w\" sizes=\"auto, (max-width: 900px) 100vw, 900px\" \/><figcaption class=\"wp-element-caption\">Gulbrunt metallfly<\/figcaption><\/figure>\n<\/figure>\n\n\n\n<p>I g\u00e5r, 14\/8, \u00e5kte vi vidare och stannade vid \u00e4nnu en favoritplats, Hagestad. V\u00e4dret var lovande s\u00e5 lampan kom upp. En av f\u00e5 ljumna kv\u00e4llar i sommar, 15 grader vid midnatt. Bete str\u00f6ks p\u00e5 stammar sedan var det bara att v\u00e4nta. Betesblandningen lockade till sig m\u00e5nga fj\u00e4rilar. Lampan drog inte lika mycket men den l\u00f6s vackert i skogen.<\/p>\n\n\n\n<figure class=\"wp-block-image size-full\"><img loading=\"lazy\" decoding=\"async\" width=\"480\" height=\"508\" src=\"https:\/\/amandus.se\/blogg\/wp-content\/uploads\/2023\/08\/IMG_52121.jpg\" alt=\"\" class=\"wp-image-3272\" srcset=\"https:\/\/amandus.se\/blogg\/wp-content\/uploads\/2023\/08\/IMG_52121.jpg 480w, https:\/\/amandus.se\/blogg\/wp-content\/uploads\/2023\/08\/IMG_52121-283x300.jpg 283w\" sizes=\"auto, (max-width: 480px) 100vw, 480px\" \/><figcaption class=\"wp-element-caption\"><strong>Lampan lyser i Hagestad<\/strong><\/figcaption><\/figure>\n\n\n\n<figure class=\"wp-block-image size-full is-resized is-style-rounded\"><img loading=\"lazy\" decoding=\"async\" src=\"https:\/\/amandus.se\/blogg\/wp-content\/uploads\/2023\/08\/IMG_9892.jpg\" alt=\"\" class=\"wp-image-3273\" style=\"width:453px;height:302px\" width=\"453\" height=\"302\" srcset=\"https:\/\/amandus.se\/blogg\/wp-content\/uploads\/2023\/08\/IMG_9892.jpg 900w, https:\/\/amandus.se\/blogg\/wp-content\/uploads\/2023\/08\/IMG_9892-300x200.jpg 300w, https:\/\/amandus.se\/blogg\/wp-content\/uploads\/2023\/08\/IMG_9892-768x512.jpg 768w\" sizes=\"auto, (max-width: 453px) 100vw, 453px\" \/><figcaption class=\"wp-element-caption\"><strong>C.nupta (Vinkelbandat ordensfly)<\/strong><\/figcaption><\/figure>\n\n\n\n<figure class=\"wp-block-image size-full is-resized\"><img loading=\"lazy\" decoding=\"async\" src=\"https:\/\/amandus.se\/blogg\/wp-content\/uploads\/2023\/08\/IMG_9908.jpg\" alt=\"\" class=\"wp-image-3274\" style=\"width:465px;height:310px\" width=\"465\" height=\"310\" srcset=\"https:\/\/amandus.se\/blogg\/wp-content\/uploads\/2023\/08\/IMG_9908.jpg 900w, https:\/\/amandus.se\/blogg\/wp-content\/uploads\/2023\/08\/IMG_9908-300x200.jpg 300w, https:\/\/amandus.se\/blogg\/wp-content\/uploads\/2023\/08\/IMG_9908-768x512.jpg 768w\" sizes=\"auto, (max-width: 465px) 100vw, 465px\" \/><figcaption class=\"wp-element-caption\"><strong>C.sponsa (V\u00e5gbandat ordensfly)<\/strong><\/figcaption><\/figure>\n\n\n\n<figure class=\"wp-block-image size-full is-resized is-style-rounded\"><img loading=\"lazy\" decoding=\"async\" src=\"https:\/\/amandus.se\/blogg\/wp-content\/uploads\/2023\/08\/IMG_9888.jpg\" alt=\"\" class=\"wp-image-3275\" style=\"width:585px;height:390px\" width=\"585\" height=\"390\" srcset=\"https:\/\/amandus.se\/blogg\/wp-content\/uploads\/2023\/08\/IMG_9888.jpg 900w, https:\/\/amandus.se\/blogg\/wp-content\/uploads\/2023\/08\/IMG_9888-300x200.jpg 300w, https:\/\/amandus.se\/blogg\/wp-content\/uploads\/2023\/08\/IMG_9888-768x512.jpg 768w\" sizes=\"auto, (max-width: 585px) 100vw, 585px\" \/><figcaption class=\"wp-element-caption\"><strong>C.promissa (Ekordensfly)<\/strong><\/figcaption><\/figure>\n\n\n\n<p>Idag, 15\/8, \u00e4r vi i K\u00e5seberga. Som alltid gick vi till r\u00f6keriet och k\u00f6pte godsaker. Det \u00e4r smala stigar p\u00e5 sina st\u00e4llen i K\u00e5seberga. <\/p>\n\n\n\n<figure class=\"wp-block-image size-full\"><img loading=\"lazy\" decoding=\"async\" width=\"293\" height=\"531\" src=\"https:\/\/amandus.se\/blogg\/wp-content\/uploads\/2023\/08\/IMG_52131.jpg\" alt=\"\" class=\"wp-image-3276\" srcset=\"https:\/\/amandus.se\/blogg\/wp-content\/uploads\/2023\/08\/IMG_52131.jpg 293w, https:\/\/amandus.se\/blogg\/wp-content\/uploads\/2023\/08\/IMG_52131-166x300.jpg 166w\" sizes=\"auto, (max-width: 293px) 100vw, 293px\" \/><figcaption class=\"wp-element-caption\">T\u00e4tt mellan husen<\/figcaption><\/figure>\n","protected":false},"excerpt":{"rendered":"<p>Den 13 aug. l\u00e4mnade vi \u00d6land f\u00f6r denna g\u00e5ngen. Men f\u00f6rhoppningsvis kommer vi tillbaka senare i augusti eller b\u00f6rjan av september. Innan vi l\u00e4mnade alvaret fotade Anders en larv av S.ocellata (Videsv\u00e4rmarlarv) Vi k\u00f6rde till \u00c5hus. V\u00e4dret var perfekt f\u00f6r att t\u00e4nda lampan, stilla och varmt. Det fl\u00f6g bra. Nedan \u00e4r n\u00e5gra av arterna som &hellip; <a href=\"https:\/\/amandus.se\/blogg\/?p=3266\" class=\"more-link\">Forts\u00e4tt l\u00e4sa <span class=\"screen-reader-text\">Nu har vi landat i Sk\u00e5ne<\/span> <span class=\"meta-nav\">&rarr;<\/span><\/a><\/p>\n","protected":false},"author":1,"featured_media":0,"comment_status":"open","ping_status":"open","sticky":false,"template":"","format":"standard","meta":{"footnotes":""},"categories":[4,5,6],"tags":[],"class_list":["post-3266","post","type-post","status-publish","format-standard","hentry","category-ditt-och-datt","category-fjarilarbutterfly","category-sverigesweden"],"_links":{"self":[{"href":"https:\/\/amandus.se\/blogg\/index.php?rest_route=\/wp\/v2\/posts\/3266","targetHints":{"allow":["GET"]}}],"collection":[{"href":"https:\/\/amandus.se\/blogg\/index.php?rest_route=\/wp\/v2\/posts"}],"about":[{"href":"https:\/\/amandus.se\/blogg\/index.php?rest_route=\/wp\/v2\/types\/post"}],"author":[{"embeddable":true,"href":"https:\/\/amandus.se\/blogg\/index.php?rest_route=\/wp\/v2\/users\/1"}],"replies":[{"embeddable":true,"href":"https:\/\/amandus.se\/blogg\/index.php?rest_route=%2Fwp%2Fv2%2Fcomments&post=3266"}],"version-history":[{"count":1,"href":"https:\/\/amandus.se\/blogg\/index.php?rest_route=\/wp\/v2\/posts\/3266\/revisions"}],"predecessor-version":[{"id":3277,"href":"https:\/\/amandus.se\/blogg\/index.php?rest_route=\/wp\/v2\/posts\/3266\/revisions\/3277"}],"wp:attachment":[{"href":"https:\/\/amandus.se\/blogg\/index.php?rest_route=%2Fwp%2Fv2%2Fmedia&parent=3266"}],"wp:term":[{"taxonomy":"category","embeddable":true,"href":"https:\/\/amandus.se\/blogg\/index.php?rest_route=%2Fwp%2Fv2%2Fcategories&post=3266"},{"taxonomy":"post_tag","embeddable":true,"href":"https:\/\/amandus.se\/blogg\/index.php?rest_route=%2Fwp%2Fv2%2Ftags&post=3266"}],"curies":[{"name":"wp","href":"https:\/\/api.w.org\/{rel}","templated":true}]}}