{"id":3278,"date":"2023-08-18T19:06:09","date_gmt":"2023-08-18T17:06:09","guid":{"rendered":"https:\/\/amandus.se\/blogg\/?p=3278"},"modified":"2023-08-18T19:06:20","modified_gmt":"2023-08-18T17:06:20","slug":"pa-hemvag-efter-en-mycket-bra-tur","status":"publish","type":"post","link":"https:\/\/amandus.se\/blogg\/?p=3278","title":{"rendered":"P\u00e5 hemv\u00e4g efter en mycket bra tur."},"content":{"rendered":"\n<p>Den 16 augusti \u00e5kte vi till Klagshamns udde. Vi tog en promenad i omr\u00e5det. Det \u00e4r inte ofta vi hamnar p\u00e5 samma bild men idag fick vi till det.<\/p>\n\n\n\n<figure class=\"wp-block-image size-full is-resized\"><img loading=\"lazy\" decoding=\"async\" src=\"https:\/\/amandus.se\/blogg\/wp-content\/uploads\/2023\/08\/IMG_52231.jpg\" alt=\"\" class=\"wp-image-3279\" style=\"width:349px;height:212px\" width=\"349\" height=\"212\" srcset=\"https:\/\/amandus.se\/blogg\/wp-content\/uploads\/2023\/08\/IMG_52231.jpg 640w, https:\/\/amandus.se\/blogg\/wp-content\/uploads\/2023\/08\/IMG_52231-300x182.jpg 300w\" sizes=\"auto, (max-width: 349px) 100vw, 349px\" \/><\/figure>\n\n\n\n<p>\u00c5t ena h\u00e5llet p\u00e5 udden ser man \u00d6resundsbron&#8230;&#8230;&#8230;<\/p>\n\n\n\n<figure class=\"wp-block-image size-full\"><img loading=\"lazy\" decoding=\"async\" width=\"640\" height=\"480\" src=\"https:\/\/amandus.se\/blogg\/wp-content\/uploads\/2023\/08\/IMG_5222.jpg\" alt=\"\" class=\"wp-image-3280\" srcset=\"https:\/\/amandus.se\/blogg\/wp-content\/uploads\/2023\/08\/IMG_5222.jpg 640w, https:\/\/amandus.se\/blogg\/wp-content\/uploads\/2023\/08\/IMG_5222-300x225.jpg 300w\" sizes=\"auto, (max-width: 640px) 100vw, 640px\" \/><\/figure>\n\n\n\n<p>&#8230;&#8230; och \u00e5t andra h\u00e5llet blir man utmanad<\/p>\n\n\n\n<figure class=\"wp-block-image size-full\"><img loading=\"lazy\" decoding=\"async\" width=\"480\" height=\"640\" src=\"https:\/\/amandus.se\/blogg\/wp-content\/uploads\/2023\/08\/IMG_52201.jpg\" alt=\"\" class=\"wp-image-3281\" srcset=\"https:\/\/amandus.se\/blogg\/wp-content\/uploads\/2023\/08\/IMG_52201.jpg 480w, https:\/\/amandus.se\/blogg\/wp-content\/uploads\/2023\/08\/IMG_52201-225x300.jpg 225w\" sizes=\"auto, (max-width: 480px) 100vw, 480px\" \/><\/figure>\n\n\n\n<p>P\u00e5 kv\u00e4llen var det perfekt lysv\u00e4der, varmt och stilla men tyv\u00e4rr ville inte elverket vara med&#8230;.. en stor besvikelse!<\/p>\n\n\n\n<p>I g\u00e5r blev den \u00e4nnu en promenad p\u00e5 Klagshamns udde. <\/p>\n\n\n\n<figure class=\"wp-block-gallery has-nested-images columns-default is-cropped wp-block-gallery-1 is-layout-flex wp-block-gallery-is-layout-flex\">\n<figure class=\"wp-block-image size-large\"><img loading=\"lazy\" decoding=\"async\" width=\"640\" height=\"480\" data-id=\"3282\" src=\"https:\/\/amandus.se\/blogg\/wp-content\/uploads\/2023\/08\/IMG_5228.jpg\" alt=\"\" class=\"wp-image-3282\" srcset=\"https:\/\/amandus.se\/blogg\/wp-content\/uploads\/2023\/08\/IMG_5228.jpg 640w, https:\/\/amandus.se\/blogg\/wp-content\/uploads\/2023\/08\/IMG_5228-300x225.jpg 300w\" sizes=\"auto, (max-width: 640px) 100vw, 640px\" \/><\/figure>\n\n\n\n<figure class=\"wp-block-image size-large\"><img loading=\"lazy\" decoding=\"async\" width=\"640\" height=\"480\" data-id=\"3283\" src=\"https:\/\/amandus.se\/blogg\/wp-content\/uploads\/2023\/08\/IMG_52261.jpg\" alt=\"\" class=\"wp-image-3283\" srcset=\"https:\/\/amandus.se\/blogg\/wp-content\/uploads\/2023\/08\/IMG_52261.jpg 640w, https:\/\/amandus.se\/blogg\/wp-content\/uploads\/2023\/08\/IMG_52261-300x225.jpg 300w\" sizes=\"auto, (max-width: 640px) 100vw, 640px\" \/><\/figure>\n\n\n\n<figure class=\"wp-block-image size-large\"><img loading=\"lazy\" decoding=\"async\" width=\"480\" height=\"640\" data-id=\"3284\" src=\"https:\/\/amandus.se\/blogg\/wp-content\/uploads\/2023\/08\/IMG_52291.jpg\" alt=\"\" class=\"wp-image-3284\" srcset=\"https:\/\/amandus.se\/blogg\/wp-content\/uploads\/2023\/08\/IMG_52291.jpg 480w, https:\/\/amandus.se\/blogg\/wp-content\/uploads\/2023\/08\/IMG_52291-225x300.jpg 225w\" sizes=\"auto, (max-width: 480px) 100vw, 480px\" \/><\/figure>\n<\/figure>\n\n\n\n<p>P\u00e5 udden ligger m\u00e5nga sj\u00f6bodar b\u00e5de gamla och nya men alla har omvandlats till sm\u00e5 sommarhus.<\/p>\n\n\n\n<figure class=\"wp-block-image size-full\"><img loading=\"lazy\" decoding=\"async\" width=\"640\" height=\"480\" src=\"https:\/\/amandus.se\/blogg\/wp-content\/uploads\/2023\/08\/IMG_52251.jpg\" alt=\"\" class=\"wp-image-3285\" srcset=\"https:\/\/amandus.se\/blogg\/wp-content\/uploads\/2023\/08\/IMG_52251.jpg 640w, https:\/\/amandus.se\/blogg\/wp-content\/uploads\/2023\/08\/IMG_52251-300x225.jpg 300w\" sizes=\"auto, (max-width: 640px) 100vw, 640px\" \/><\/figure>\n\n\n\n<p>Idag, den 18\/8, har vi b\u00f6rjat dra oss hem\u00e5t. Nattstoppet blev vid radiostationen Grimeton.<\/p>\n\n\n\n<figure class=\"wp-block-image size-full\"><img loading=\"lazy\" decoding=\"async\" width=\"640\" height=\"487\" src=\"https:\/\/amandus.se\/blogg\/wp-content\/uploads\/2023\/08\/grimeton.jpg\" alt=\"\" class=\"wp-image-3286\" srcset=\"https:\/\/amandus.se\/blogg\/wp-content\/uploads\/2023\/08\/grimeton.jpg 640w, https:\/\/amandus.se\/blogg\/wp-content\/uploads\/2023\/08\/grimeton-300x228.jpg 300w\" sizes=\"auto, (max-width: 640px) 100vw, 640px\" \/><\/figure>\n\n\n\n<p>De dryga tv\u00e5 veckor vi varit ute har varit mycket bra, nya fj\u00e4rilsfynd och trevliga st\u00e4llen som vi bes\u00f6kt. Nu stannar vi hemma ett par veckor sedan \u00e4r vi f\u00f6rhoppningsvis p\u00e5 rull igen.<\/p>\n","protected":false},"excerpt":{"rendered":"<p>Den 16 augusti \u00e5kte vi till Klagshamns udde. Vi tog en promenad i omr\u00e5det. Det \u00e4r inte ofta vi hamnar p\u00e5 samma bild men idag fick vi till det. \u00c5t ena h\u00e5llet p\u00e5 udden ser man \u00d6resundsbron&#8230;&#8230;&#8230; &#8230;&#8230; och \u00e5t andra h\u00e5llet blir man utmanad P\u00e5 kv\u00e4llen var det perfekt lysv\u00e4der, varmt och stilla men &hellip; <a href=\"https:\/\/amandus.se\/blogg\/?p=3278\" class=\"more-link\">Forts\u00e4tt l\u00e4sa <span class=\"screen-reader-text\">P\u00e5 hemv\u00e4g efter en mycket bra tur.<\/span> <span class=\"meta-nav\">&rarr;<\/span><\/a><\/p>\n","protected":false},"author":1,"featured_media":0,"comment_status":"open","ping_status":"open","sticky":false,"template":"","format":"standard","meta":{"footnotes":""},"categories":[4,5,6],"tags":[],"class_list":["post-3278","post","type-post","status-publish","format-standard","hentry","category-ditt-och-datt","category-fjarilarbutterfly","category-sverigesweden"],"_links":{"self":[{"href":"https:\/\/amandus.se\/blogg\/index.php?rest_route=\/wp\/v2\/posts\/3278","targetHints":{"allow":["GET"]}}],"collection":[{"href":"https:\/\/amandus.se\/blogg\/index.php?rest_route=\/wp\/v2\/posts"}],"about":[{"href":"https:\/\/amandus.se\/blogg\/index.php?rest_route=\/wp\/v2\/types\/post"}],"author":[{"embeddable":true,"href":"https:\/\/amandus.se\/blogg\/index.php?rest_route=\/wp\/v2\/users\/1"}],"replies":[{"embeddable":true,"href":"https:\/\/amandus.se\/blogg\/index.php?rest_route=%2Fwp%2Fv2%2Fcomments&post=3278"}],"version-history":[{"count":1,"href":"https:\/\/amandus.se\/blogg\/index.php?rest_route=\/wp\/v2\/posts\/3278\/revisions"}],"predecessor-version":[{"id":3287,"href":"https:\/\/amandus.se\/blogg\/index.php?rest_route=\/wp\/v2\/posts\/3278\/revisions\/3287"}],"wp:attachment":[{"href":"https:\/\/amandus.se\/blogg\/index.php?rest_route=%2Fwp%2Fv2%2Fmedia&parent=3278"}],"wp:term":[{"taxonomy":"category","embeddable":true,"href":"https:\/\/amandus.se\/blogg\/index.php?rest_route=%2Fwp%2Fv2%2Fcategories&post=3278"},{"taxonomy":"post_tag","embeddable":true,"href":"https:\/\/amandus.se\/blogg\/index.php?rest_route=%2Fwp%2Fv2%2Ftags&post=3278"}],"curies":[{"name":"wp","href":"https:\/\/api.w.org\/{rel}","templated":true}]}}