{"id":3290,"date":"2023-08-31T19:00:26","date_gmt":"2023-08-31T17:00:26","guid":{"rendered":"https:\/\/amandus.se\/blogg\/?p=3290"},"modified":"2023-08-31T19:00:47","modified_gmt":"2023-08-31T17:00:47","slug":"oland-igen-och-igen-och-igen-och-igen","status":"publish","type":"post","link":"https:\/\/amandus.se\/blogg\/?p=3290","title":{"rendered":"\u00d6land igen och igen och igen och igen"},"content":{"rendered":"\n<p>Nu \u00e4r vi p\u00e5 \u00d6land f\u00f6r fj\u00e4rde g\u00e5ngen i \u00e5r. Den 29\/8 l\u00e4mnade vi Malm\u00f6n och styrde mot \u00d6land. \u00c4ven om det inte var sol p\u00e5 v\u00e4derkartorna s\u00e5 \u00e4r det en st\u00e4ndig l\u00e4ngtan till \u00d6land. <\/p>\n\n\n\n<figure class=\"wp-block-image size-full is-resized\"><img loading=\"lazy\" decoding=\"async\" src=\"https:\/\/amandus.se\/blogg\/wp-content\/uploads\/2023\/08\/IMG_52721.jpg\" alt=\"\" class=\"wp-image-3292\" style=\"width:308px;height:410px\" width=\"308\" height=\"410\" srcset=\"https:\/\/amandus.se\/blogg\/wp-content\/uploads\/2023\/08\/IMG_52721.jpg 480w, https:\/\/amandus.se\/blogg\/wp-content\/uploads\/2023\/08\/IMG_52721-225x300.jpg 225w\" sizes=\"auto, (max-width: 308px) 100vw, 308px\" \/><figcaption class=\"wp-element-caption\"><strong>\u00d6landsbron i kv\u00e4llsljus<\/strong><\/figcaption><\/figure>\n\n\n\n<p>I g\u00e5r, 30\/8, var vi vid Pen\u00e5sa. Det \u00e4r ett fint naturomr\u00e5de med gammal skog, \u00f6debyar och en gammal banvall som g\u00e5r rakt genom omr\u00e5det. Vi gick och gick men kom \u00e4nd\u00e5 aldrig fram. Efter n\u00e5gra kilometer v\u00e4nde vi och gick tillbaka till rastplatsen.<\/p>\n\n\n\n<figure class=\"wp-block-image size-full\"><img loading=\"lazy\" decoding=\"async\" width=\"640\" height=\"480\" src=\"https:\/\/amandus.se\/blogg\/wp-content\/uploads\/2023\/08\/IMG_52781.jpg\" alt=\"\" class=\"wp-image-3291\" srcset=\"https:\/\/amandus.se\/blogg\/wp-content\/uploads\/2023\/08\/IMG_52781.jpg 640w, https:\/\/amandus.se\/blogg\/wp-content\/uploads\/2023\/08\/IMG_52781-300x225.jpg 300w\" sizes=\"auto, (max-width: 640px) 100vw, 640px\" \/><figcaption class=\"wp-element-caption\"><strong>Den gamla banvallen g\u00e5r rakt genom naturomr\u00e5det. Banvallen g\u00e5r mellan Kastl\u00f6sa och Sk\u00e4rl\u00f6v<\/strong><\/figcaption><\/figure>\n\n\n\n<p>Utefter banvallen finns mycket fint att titta p\u00e5.<\/p>\n\n\n\n<figure class=\"wp-block-gallery has-nested-images columns-default is-cropped wp-block-gallery-1 is-layout-flex wp-block-gallery-is-layout-flex\">\n<figure class=\"wp-block-image size-large\"><img loading=\"lazy\" decoding=\"async\" width=\"900\" height=\"600\" data-id=\"3293\" src=\"https:\/\/amandus.se\/blogg\/wp-content\/uploads\/2023\/08\/IMG_9954.jpg\" alt=\"\" class=\"wp-image-3293\" srcset=\"https:\/\/amandus.se\/blogg\/wp-content\/uploads\/2023\/08\/IMG_9954.jpg 900w, https:\/\/amandus.se\/blogg\/wp-content\/uploads\/2023\/08\/IMG_9954-300x200.jpg 300w, https:\/\/amandus.se\/blogg\/wp-content\/uploads\/2023\/08\/IMG_9954-768x512.jpg 768w\" sizes=\"auto, (max-width: 900px) 100vw, 900px\" \/><figcaption class=\"wp-element-caption\">\u00c5kervinda<\/figcaption><\/figure>\n\n\n\n<figure class=\"wp-block-image size-large\"><img loading=\"lazy\" decoding=\"async\" width=\"640\" height=\"480\" data-id=\"3294\" src=\"https:\/\/amandus.se\/blogg\/wp-content\/uploads\/2023\/08\/IMG_52771.jpg\" alt=\"\" class=\"wp-image-3294\" srcset=\"https:\/\/amandus.se\/blogg\/wp-content\/uploads\/2023\/08\/IMG_52771.jpg 640w, https:\/\/amandus.se\/blogg\/wp-content\/uploads\/2023\/08\/IMG_52771-300x225.jpg 300w\" sizes=\"auto, (max-width: 640px) 100vw, 640px\" \/><figcaption class=\"wp-element-caption\">Murgr\u00f6nan tar \u00f6ver skogen<\/figcaption><\/figure>\n\n\n\n<figure class=\"wp-block-image size-large\"><img loading=\"lazy\" decoding=\"async\" width=\"640\" height=\"480\" data-id=\"3295\" src=\"https:\/\/amandus.se\/blogg\/wp-content\/uploads\/2023\/08\/IMG_52791.jpg\" alt=\"\" class=\"wp-image-3295\" srcset=\"https:\/\/amandus.se\/blogg\/wp-content\/uploads\/2023\/08\/IMG_52791.jpg 640w, https:\/\/amandus.se\/blogg\/wp-content\/uploads\/2023\/08\/IMG_52791-300x225.jpg 300w\" sizes=\"auto, (max-width: 640px) 100vw, 640px\" \/><figcaption class=\"wp-element-caption\">En fin rastplats mitt i skogen<\/figcaption><\/figure>\n\n\n\n<figure class=\"wp-block-image size-large\"><img loading=\"lazy\" decoding=\"async\" width=\"640\" height=\"480\" data-id=\"3296\" src=\"https:\/\/amandus.se\/blogg\/wp-content\/uploads\/2023\/08\/IMG_52841.jpg\" alt=\"\" class=\"wp-image-3296\" srcset=\"https:\/\/amandus.se\/blogg\/wp-content\/uploads\/2023\/08\/IMG_52841.jpg 640w, https:\/\/amandus.se\/blogg\/wp-content\/uploads\/2023\/08\/IMG_52841-300x225.jpg 300w\" sizes=\"auto, (max-width: 640px) 100vw, 640px\" \/><figcaption class=\"wp-element-caption\">Mycket \u00d6landstok och Timjan v\u00e4xer utmed vallen<\/figcaption><\/figure>\n<\/figure>\n\n\n\n<p>En fullvuxen Gr\u00e4sulvlarv  -ett tecken p\u00e5 att h\u00f6sten \u00e4r h\u00e4r.<\/p>\n\n\n\n<figure class=\"wp-block-image size-large is-resized\"><img loading=\"lazy\" decoding=\"async\" src=\"https:\/\/amandus.se\/blogg\/wp-content\/uploads\/2023\/08\/IMG_9953-1024x683.jpg\" alt=\"\" class=\"wp-image-3297\" style=\"width:405px;height:270px\" width=\"405\" height=\"270\" srcset=\"https:\/\/amandus.se\/blogg\/wp-content\/uploads\/2023\/08\/IMG_9953-1024x683.jpg 1024w, https:\/\/amandus.se\/blogg\/wp-content\/uploads\/2023\/08\/IMG_9953-300x200.jpg 300w, https:\/\/amandus.se\/blogg\/wp-content\/uploads\/2023\/08\/IMG_9953-768x512.jpg 768w, https:\/\/amandus.se\/blogg\/wp-content\/uploads\/2023\/08\/IMG_9953.jpg 1200w\" sizes=\"auto, (max-width: 405px) 100vw, 405px\" \/><\/figure>\n\n\n\n<p>Vi s\u00e5g ocks\u00e5 ett udda kryp som r\u00f6rde sig p\u00e5 ett skorpionliknade s\u00e4tt. Vi kom fram till att det nog r\u00f6rde sig om en J\u00e4ttekortvinge (Ocypus olens).  Den p\u00e5minner om en dykarlarv i utseendet.<\/p>\n\n\n\n<figure class=\"wp-block-image size-large\"><img loading=\"lazy\" decoding=\"async\" width=\"1024\" height=\"683\" src=\"https:\/\/amandus.se\/blogg\/wp-content\/uploads\/2023\/08\/IMG_9948-1024x683.jpg\" alt=\"\" class=\"wp-image-3298\" srcset=\"https:\/\/amandus.se\/blogg\/wp-content\/uploads\/2023\/08\/IMG_9948-1024x683.jpg 1024w, https:\/\/amandus.se\/blogg\/wp-content\/uploads\/2023\/08\/IMG_9948-300x200.jpg 300w, https:\/\/amandus.se\/blogg\/wp-content\/uploads\/2023\/08\/IMG_9948-768x512.jpg 768w, https:\/\/amandus.se\/blogg\/wp-content\/uploads\/2023\/08\/IMG_9948.jpg 1200w\" sizes=\"auto, (max-width: 1024px) 100vw, 1024px\" \/><\/figure>\n\n\n\n<p>N\u00e5gon blir inte glad n\u00e4r den kommer hem och saknar sina skor.<\/p>\n\n\n\n<figure class=\"wp-block-image size-full\"><img loading=\"lazy\" decoding=\"async\" width=\"640\" height=\"480\" src=\"https:\/\/amandus.se\/blogg\/wp-content\/uploads\/2023\/08\/IMG_52851.jpg\" alt=\"\" class=\"wp-image-3299\" srcset=\"https:\/\/amandus.se\/blogg\/wp-content\/uploads\/2023\/08\/IMG_52851.jpg 640w, https:\/\/amandus.se\/blogg\/wp-content\/uploads\/2023\/08\/IMG_52851-300x225.jpg 300w\" sizes=\"auto, (max-width: 640px) 100vw, 640px\" \/><\/figure>\n\n\n\n<p>Eftersom vi inte hunnit fixa det trasiga elverket s\u00e5 blev det bete som penslades p\u00e5 tr\u00e4den. Ett flertal fr\u00e4scha<strong> C.fraxini (Bl\u00e5bandat ordensfly)<\/strong> lockades till betet.<\/p>\n\n\n\n<figure class=\"wp-block-image size-large\"><img loading=\"lazy\" decoding=\"async\" width=\"1024\" height=\"683\" src=\"https:\/\/amandus.se\/blogg\/wp-content\/uploads\/2023\/08\/IMG_9967-1024x683.jpg\" alt=\"\" class=\"wp-image-3300\" srcset=\"https:\/\/amandus.se\/blogg\/wp-content\/uploads\/2023\/08\/IMG_9967-1024x683.jpg 1024w, https:\/\/amandus.se\/blogg\/wp-content\/uploads\/2023\/08\/IMG_9967-300x200.jpg 300w, https:\/\/amandus.se\/blogg\/wp-content\/uploads\/2023\/08\/IMG_9967-768x512.jpg 768w, https:\/\/amandus.se\/blogg\/wp-content\/uploads\/2023\/08\/IMG_9967.jpg 1200w\" sizes=\"auto, (max-width: 1024px) 100vw, 1024px\" \/><figcaption class=\"wp-element-caption\"><strong>C.fraxini (Bl\u00e5bandat ordensfly)<\/strong><\/figcaption><\/figure>\n\n\n\n<p>Idag, 31\/8, har det regnat mesta delen av dagen. Vi \u00e5kte till Gr\u00f6nh\u00f6gen,  tittade p\u00e5 havet och slappade.<\/p>\n","protected":false},"excerpt":{"rendered":"<p>Nu \u00e4r vi p\u00e5 \u00d6land f\u00f6r fj\u00e4rde g\u00e5ngen i \u00e5r. Den 29\/8 l\u00e4mnade vi Malm\u00f6n och styrde mot \u00d6land. \u00c4ven om det inte var sol p\u00e5 v\u00e4derkartorna s\u00e5 \u00e4r det en st\u00e4ndig l\u00e4ngtan till \u00d6land. I g\u00e5r, 30\/8, var vi vid Pen\u00e5sa. Det \u00e4r ett fint naturomr\u00e5de med gammal skog, \u00f6debyar och en gammal banvall &hellip; <a href=\"https:\/\/amandus.se\/blogg\/?p=3290\" class=\"more-link\">Forts\u00e4tt l\u00e4sa <span class=\"screen-reader-text\">\u00d6land igen och igen och igen och igen<\/span> <span class=\"meta-nav\">&rarr;<\/span><\/a><\/p>\n","protected":false},"author":1,"featured_media":0,"comment_status":"open","ping_status":"open","sticky":false,"template":"","format":"standard","meta":{"footnotes":""},"categories":[4,5,6],"tags":[],"class_list":["post-3290","post","type-post","status-publish","format-standard","hentry","category-ditt-och-datt","category-fjarilarbutterfly","category-sverigesweden"],"_links":{"self":[{"href":"https:\/\/amandus.se\/blogg\/index.php?rest_route=\/wp\/v2\/posts\/3290","targetHints":{"allow":["GET"]}}],"collection":[{"href":"https:\/\/amandus.se\/blogg\/index.php?rest_route=\/wp\/v2\/posts"}],"about":[{"href":"https:\/\/amandus.se\/blogg\/index.php?rest_route=\/wp\/v2\/types\/post"}],"author":[{"embeddable":true,"href":"https:\/\/amandus.se\/blogg\/index.php?rest_route=\/wp\/v2\/users\/1"}],"replies":[{"embeddable":true,"href":"https:\/\/amandus.se\/blogg\/index.php?rest_route=%2Fwp%2Fv2%2Fcomments&post=3290"}],"version-history":[{"count":1,"href":"https:\/\/amandus.se\/blogg\/index.php?rest_route=\/wp\/v2\/posts\/3290\/revisions"}],"predecessor-version":[{"id":3301,"href":"https:\/\/amandus.se\/blogg\/index.php?rest_route=\/wp\/v2\/posts\/3290\/revisions\/3301"}],"wp:attachment":[{"href":"https:\/\/amandus.se\/blogg\/index.php?rest_route=%2Fwp%2Fv2%2Fmedia&parent=3290"}],"wp:term":[{"taxonomy":"category","embeddable":true,"href":"https:\/\/amandus.se\/blogg\/index.php?rest_route=%2Fwp%2Fv2%2Fcategories&post=3290"},{"taxonomy":"post_tag","embeddable":true,"href":"https:\/\/amandus.se\/blogg\/index.php?rest_route=%2Fwp%2Fv2%2Ftags&post=3290"}],"curies":[{"name":"wp","href":"https:\/\/api.w.org\/{rel}","templated":true}]}}