{"id":3302,"date":"2023-09-04T20:52:54","date_gmt":"2023-09-04T18:52:54","guid":{"rendered":"https:\/\/amandus.se\/blogg\/?p=3302"},"modified":"2023-09-04T21:39:53","modified_gmt":"2023-09-04T19:39:53","slug":"nu-ar-det-sol-igen","status":"publish","type":"post","link":"https:\/\/amandus.se\/blogg\/?p=3302","title":{"rendered":"Nu \u00e4r det sol igen."},"content":{"rendered":"\n<p>Det har varit n\u00e5gra regniga dagar d\u00e5 vi fr\u00e4mst har l\u00e4st b\u00f6cker och slappat. Men p\u00e5 l\u00f6rdagen den 2 september kom solen tillbaka. Vi tog en promenad i Gr\u00f6nh\u00f6gen.<\/p>\n\n\n\n<figure class=\"wp-block-image size-full\"><img loading=\"lazy\" decoding=\"async\" width=\"480\" height=\"609\" src=\"https:\/\/amandus.se\/blogg\/wp-content\/uploads\/2023\/09\/IMG_53011.jpg\" alt=\"\" class=\"wp-image-3303\" srcset=\"https:\/\/amandus.se\/blogg\/wp-content\/uploads\/2023\/09\/IMG_53011.jpg 480w, https:\/\/amandus.se\/blogg\/wp-content\/uploads\/2023\/09\/IMG_53011-236x300.jpg 236w\" sizes=\"auto, (max-width: 480px) 100vw, 480px\" \/><figcaption class=\"wp-element-caption\"><strong>Stig utmed vattnet i Gr\u00f6nh\u00f6gen<\/strong><\/figcaption><\/figure>\n\n\n\n<p>Senare p\u00e5 eftermiddagen gick Anders och letade efter kn\u00f6lflyn p\u00e5 lusernf\u00e4lten. Det fl\u00f6g inga&#8230;.. i dag! P\u00e5 kv\u00e4llen var det en vacker solnedg\u00e5ng \u00f6ver Kalmarsund.<\/p>\n\n\n\n<figure class=\"wp-block-image size-full\"><img loading=\"lazy\" decoding=\"async\" width=\"640\" height=\"412\" src=\"https:\/\/amandus.se\/blogg\/wp-content\/uploads\/2023\/09\/IMG_53021.jpg\" alt=\"\" class=\"wp-image-3304\" srcset=\"https:\/\/amandus.se\/blogg\/wp-content\/uploads\/2023\/09\/IMG_53021.jpg 640w, https:\/\/amandus.se\/blogg\/wp-content\/uploads\/2023\/09\/IMG_53021-300x193.jpg 300w\" sizes=\"auto, (max-width: 640px) 100vw, 640px\" \/><figcaption class=\"wp-element-caption\"><strong>Solnedg\u00e5ng sett fr\u00e5n Albrunna <\/strong><\/figcaption><\/figure>\n\n\n\n<p>S\u00f6ndagen den 3 sep. \u00e5kte vi till Ottenby. D\u00e4r var inga sp\u00e4nnande f\u00e5glar men god fika hade de p\u00e5 caf\u00e9t.<\/p>\n\n\n\n<figure class=\"wp-block-image size-full\"><img loading=\"lazy\" decoding=\"async\" width=\"480\" height=\"640\" src=\"https:\/\/amandus.se\/blogg\/wp-content\/uploads\/2023\/09\/IMG_53151.jpg\" alt=\"\" class=\"wp-image-3305\" srcset=\"https:\/\/amandus.se\/blogg\/wp-content\/uploads\/2023\/09\/IMG_53151.jpg 480w, https:\/\/amandus.se\/blogg\/wp-content\/uploads\/2023\/09\/IMG_53151-225x300.jpg 225w\" sizes=\"auto, (max-width: 480px) 100vw, 480px\" \/><figcaption class=\"wp-element-caption\">L\u00e5nge Jan<\/figcaption><\/figure>\n\n\n\n<figure class=\"wp-block-image size-full\"><img loading=\"lazy\" decoding=\"async\" width=\"593\" height=\"480\" src=\"https:\/\/amandus.se\/blogg\/wp-content\/uploads\/2023\/09\/IMG_53081.jpg\" alt=\"\" class=\"wp-image-3309\" srcset=\"https:\/\/amandus.se\/blogg\/wp-content\/uploads\/2023\/09\/IMG_53081.jpg 593w, https:\/\/amandus.se\/blogg\/wp-content\/uploads\/2023\/09\/IMG_53081-300x243.jpg 300w\" sizes=\"auto, (max-width: 593px) 100vw, 593px\" \/><figcaption class=\"wp-element-caption\"><strong>L\u00e5nge Jan, Anders och Ann p\u00e5 samma bild!<\/strong><\/figcaption><\/figure>\n\n\n\n<p>Det fanns gott om storskarvar, otroliga m\u00e4ngder.<\/p>\n\n\n\n<figure class=\"wp-block-image size-full\"><img loading=\"lazy\" decoding=\"async\" width=\"597\" height=\"279\" src=\"https:\/\/amandus.se\/blogg\/wp-content\/uploads\/2023\/09\/IMG_53141.jpg\" alt=\"\" class=\"wp-image-3307\" srcset=\"https:\/\/amandus.se\/blogg\/wp-content\/uploads\/2023\/09\/IMG_53141.jpg 597w, https:\/\/amandus.se\/blogg\/wp-content\/uploads\/2023\/09\/IMG_53141-300x140.jpg 300w\" sizes=\"auto, (max-width: 597px) 100vw, 597px\" \/><figcaption class=\"wp-element-caption\">Hela holmen \u00e4r full med storskarv<\/figcaption><\/figure>\n\n\n\n<figure class=\"wp-block-gallery has-nested-images columns-default is-cropped wp-block-gallery-1 is-layout-flex wp-block-gallery-is-layout-flex\">\n<figure class=\"wp-block-image size-large\"><img loading=\"lazy\" decoding=\"async\" width=\"900\" height=\"675\" data-id=\"3306\" src=\"https:\/\/amandus.se\/blogg\/wp-content\/uploads\/2023\/09\/DSCN3306.jpg\" alt=\"\" class=\"wp-image-3306\" srcset=\"https:\/\/amandus.se\/blogg\/wp-content\/uploads\/2023\/09\/DSCN3306.jpg 900w, https:\/\/amandus.se\/blogg\/wp-content\/uploads\/2023\/09\/DSCN3306-300x225.jpg 300w, https:\/\/amandus.se\/blogg\/wp-content\/uploads\/2023\/09\/DSCN3306-768x576.jpg 768w\" sizes=\"auto, (max-width: 900px) 100vw, 900px\" \/><figcaption class=\"wp-element-caption\">N\u00e4rbild p\u00e5 storskarv<\/figcaption><\/figure>\n<\/figure>\n\n\n\n<p>Vi s\u00e5g \u00e4ven vitkindad g\u00e5s.<\/p>\n\n\n\n<figure class=\"wp-block-image size-full\"><img loading=\"lazy\" decoding=\"async\" width=\"900\" height=\"675\" src=\"https:\/\/amandus.se\/blogg\/wp-content\/uploads\/2023\/09\/DSCN3309.jpg\" alt=\"\" class=\"wp-image-3308\" srcset=\"https:\/\/amandus.se\/blogg\/wp-content\/uploads\/2023\/09\/DSCN3309.jpg 900w, https:\/\/amandus.se\/blogg\/wp-content\/uploads\/2023\/09\/DSCN3309-300x225.jpg 300w, https:\/\/amandus.se\/blogg\/wp-content\/uploads\/2023\/09\/DSCN3309-768x576.jpg 768w\" sizes=\"auto, (max-width: 900px) 100vw, 900px\" \/><\/figure>\n\n\n\n<p>P\u00e5 kv\u00e4llen gick Anders med pannlampa och letade efter flyn p\u00e5 lusernf\u00e4lten men inget sp\u00e4nnande fl\u00f6g d\u00e4r.<\/p>\n\n\n\n<p>I dag, 4 sep, \u00e5kte vi till Gr\u00e4sg\u00e5rds hamn. S\u00e5 sk\u00f6nt att g\u00e5 omkring i solen. D\u00e4r fanns mycket f\u00e5gel, vi s\u00e5g bl.a. en havs\u00f6rn. Nedan \u00e4r mitt f\u00f6rsta f\u00f6rs\u00f6k att digiscopa ( fotografera med mobilkamera genom tubkikarlinsen) Man kan ana \u00f6rnen i mitten av bilden. <\/p>\n\n\n\n<figure class=\"wp-block-image size-full\"><img loading=\"lazy\" decoding=\"async\" width=\"525\" height=\"640\" src=\"https:\/\/amandus.se\/blogg\/wp-content\/uploads\/2023\/09\/IMG_5317.jpeg\" alt=\"\" class=\"wp-image-3315\" srcset=\"https:\/\/amandus.se\/blogg\/wp-content\/uploads\/2023\/09\/IMG_5317.jpeg 525w, https:\/\/amandus.se\/blogg\/wp-content\/uploads\/2023\/09\/IMG_5317-246x300.jpeg 246w\" sizes=\"auto, (max-width: 525px) 100vw, 525px\" \/><\/figure>\n\n\n\n<p>I Gr\u00e4sg\u00e5rds hamn st\u00e5r en minnessten \u00f6ver minr\u00f6jare som omkom i november 1941 n\u00e4r de skulle flytta minor f\u00f6r att tyskarna skulle kunna b\u00e4rga tre tyska fartyg som spr\u00e4ngts utanf\u00f6r \u00d6ssby. Man lyfte f\u00f6rsiktigt upp de desarmerade minorna p\u00e5 b\u00e5ten Libanon. En mina som inte var desarmerad f\u00f6ljde med upp och exploderade. Tio personer omkom och av b\u00e5ten blev det bara tr\u00e4splitter.<\/p>\n\n\n\n<figure class=\"wp-block-image size-full\"><img loading=\"lazy\" decoding=\"async\" width=\"480\" height=\"640\" src=\"https:\/\/amandus.se\/blogg\/wp-content\/uploads\/2023\/09\/IMG_53161.jpg\" alt=\"\" class=\"wp-image-3310\" srcset=\"https:\/\/amandus.se\/blogg\/wp-content\/uploads\/2023\/09\/IMG_53161.jpg 480w, https:\/\/amandus.se\/blogg\/wp-content\/uploads\/2023\/09\/IMG_53161-225x300.jpg 225w\" sizes=\"auto, (max-width: 480px) 100vw, 480px\" \/><figcaption class=\"wp-element-caption\">Minnessten<\/figcaption><\/figure>\n\n\n\n<p>Det kr\u00f6p en larv av <strong>D.porcellus (Mindre snabelsv\u00e4rmare)<\/strong> p\u00e5 v\u00e4gen. Vi flyttade den till v\u00e4gkanten efter att den hamnat p\u00e5 bild.<\/p>\n\n\n\n<figure class=\"wp-block-image size-full\"><img loading=\"lazy\" decoding=\"async\" width=\"900\" height=\"600\" src=\"https:\/\/amandus.se\/blogg\/wp-content\/uploads\/2023\/09\/IMG_9977.jpg\" alt=\"\" class=\"wp-image-3311\" srcset=\"https:\/\/amandus.se\/blogg\/wp-content\/uploads\/2023\/09\/IMG_9977.jpg 900w, https:\/\/amandus.se\/blogg\/wp-content\/uploads\/2023\/09\/IMG_9977-300x200.jpg 300w, https:\/\/amandus.se\/blogg\/wp-content\/uploads\/2023\/09\/IMG_9977-768x512.jpg 768w\" sizes=\"auto, (max-width: 900px) 100vw, 900px\" \/><\/figure>\n","protected":false},"excerpt":{"rendered":"<p>Det har varit n\u00e5gra regniga dagar d\u00e5 vi fr\u00e4mst har l\u00e4st b\u00f6cker och slappat. Men p\u00e5 l\u00f6rdagen den 2 september kom solen tillbaka. Vi tog en promenad i Gr\u00f6nh\u00f6gen. Senare p\u00e5 eftermiddagen gick Anders och letade efter kn\u00f6lflyn p\u00e5 lusernf\u00e4lten. Det fl\u00f6g inga&#8230;.. i dag! P\u00e5 kv\u00e4llen var det en vacker solnedg\u00e5ng \u00f6ver Kalmarsund. S\u00f6ndagen &hellip; <a href=\"https:\/\/amandus.se\/blogg\/?p=3302\" class=\"more-link\">Forts\u00e4tt l\u00e4sa <span class=\"screen-reader-text\">Nu \u00e4r det sol igen.<\/span> <span class=\"meta-nav\">&rarr;<\/span><\/a><\/p>\n","protected":false},"author":1,"featured_media":0,"comment_status":"open","ping_status":"open","sticky":false,"template":"","format":"standard","meta":{"footnotes":""},"categories":[4,5,6],"tags":[],"class_list":["post-3302","post","type-post","status-publish","format-standard","hentry","category-ditt-och-datt","category-fjarilarbutterfly","category-sverigesweden"],"_links":{"self":[{"href":"https:\/\/amandus.se\/blogg\/index.php?rest_route=\/wp\/v2\/posts\/3302","targetHints":{"allow":["GET"]}}],"collection":[{"href":"https:\/\/amandus.se\/blogg\/index.php?rest_route=\/wp\/v2\/posts"}],"about":[{"href":"https:\/\/amandus.se\/blogg\/index.php?rest_route=\/wp\/v2\/types\/post"}],"author":[{"embeddable":true,"href":"https:\/\/amandus.se\/blogg\/index.php?rest_route=\/wp\/v2\/users\/1"}],"replies":[{"embeddable":true,"href":"https:\/\/amandus.se\/blogg\/index.php?rest_route=%2Fwp%2Fv2%2Fcomments&post=3302"}],"version-history":[{"count":3,"href":"https:\/\/amandus.se\/blogg\/index.php?rest_route=\/wp\/v2\/posts\/3302\/revisions"}],"predecessor-version":[{"id":3317,"href":"https:\/\/amandus.se\/blogg\/index.php?rest_route=\/wp\/v2\/posts\/3302\/revisions\/3317"}],"wp:attachment":[{"href":"https:\/\/amandus.se\/blogg\/index.php?rest_route=%2Fwp%2Fv2%2Fmedia&parent=3302"}],"wp:term":[{"taxonomy":"category","embeddable":true,"href":"https:\/\/amandus.se\/blogg\/index.php?rest_route=%2Fwp%2Fv2%2Fcategories&post=3302"},{"taxonomy":"post_tag","embeddable":true,"href":"https:\/\/amandus.se\/blogg\/index.php?rest_route=%2Fwp%2Fv2%2Ftags&post=3302"}],"curies":[{"name":"wp","href":"https:\/\/api.w.org\/{rel}","templated":true}]}}