{"id":3499,"date":"2024-08-18T19:48:23","date_gmt":"2024-08-18T17:48:23","guid":{"rendered":"https:\/\/amandus.se\/blogg\/?p=3499"},"modified":"2024-08-18T19:48:34","modified_gmt":"2024-08-18T17:48:34","slug":"sista-etappen-pa-denna-resa","status":"publish","type":"post","link":"https:\/\/amandus.se\/blogg\/?p=3499","title":{"rendered":"Sista etappen p\u00e5 denna resa"},"content":{"rendered":"\n<p>N\u00e4r vi t\u00e4nde lampan i Hagestad den 13 augusti fl\u00f6g det hyfsat bra men det kom bara f\u00f6rv\u00e4ntade arter. <\/p>\n\n\n\n<p>Den 14\/8 \u00e5kte vi till L\u00f6derups strandbad. Vi badade inte men nj\u00f6t av det fina v\u00e4dret. N\u00e4r man \u00e4r ute och \u00e5ker som vi s\u00e5 ser man m\u00e5nga olika s\u00e4tt att ta sig fram. Ett av det ovanligare slaget s\u00e5g vi i L\u00f6derup. Det var en familj p\u00e5 sex personer, fyra barn och tv\u00e5 vuxna. De vuxna trampade en femhjulig vagn, tre av barnen cyklade och det minsta barnet \u00e5kte bak i vagnen.  S\u00e4kert ett sp\u00e4nnande s\u00e4tt f\u00f6r barnen att se sig omkring&#8230;&#8230; och bli sedda.<\/p>\n\n\n\n<figure class=\"wp-block-image size-full\"><img loading=\"lazy\" decoding=\"async\" width=\"600\" height=\"543\" src=\"https:\/\/amandus.se\/blogg\/wp-content\/uploads\/2024\/08\/IMG_68761.jpg\" alt=\"\" class=\"wp-image-3500\" srcset=\"https:\/\/amandus.se\/blogg\/wp-content\/uploads\/2024\/08\/IMG_68761.jpg 600w, https:\/\/amandus.se\/blogg\/wp-content\/uploads\/2024\/08\/IMG_68761-300x272.jpg 300w\" sizes=\"auto, (max-width: 600px) 100vw, 600px\" \/><figcaption class=\"wp-element-caption\">Familjen plockade nypon som det \u00e5t<\/figcaption><\/figure>\n\n\n\n<p>P\u00e5 kullarna i L\u00f6derup gillar n\u00e5gon att s\u00e4tta upp stora figurer av kor, tjurar eller liknande. Nytt f\u00f6r i \u00e5r var en oxe.<\/p>\n\n\n\n<figure class=\"wp-block-image size-full\"><img loading=\"lazy\" decoding=\"async\" width=\"640\" height=\"480\" src=\"https:\/\/amandus.se\/blogg\/wp-content\/uploads\/2024\/08\/IMG_6887.jpg\" alt=\"\" class=\"wp-image-3501\" srcset=\"https:\/\/amandus.se\/blogg\/wp-content\/uploads\/2024\/08\/IMG_6887.jpg 640w, https:\/\/amandus.se\/blogg\/wp-content\/uploads\/2024\/08\/IMG_6887-300x225.jpg 300w\" sizes=\"auto, (max-width: 640px) 100vw, 640px\" \/><\/figure>\n\n\n\n<p><\/p>\n\n\n\n<p>P\u00e5 kv\u00e4llen den 14\/8 \u00e5kte vi till Ystad f\u00f6r att t\u00e4nda lampan vid Nybrostrand\u00e5n. Det kom bl. a<strong> L.geminipuncta (Tvillingfl\u00e4ckat r\u00f6rfly), C.sparganii (Igelknoppsr\u00f6rfly) och H.petasitis (Pestrotsfly)<\/strong>. Tyv\u00e4rr kom det ingen <strong>A.neurica (Spensligt r\u00f6rfly)<\/strong>. <\/p>\n\n\n\n<figure class=\"wp-block-image size-full\"><img loading=\"lazy\" decoding=\"async\" width=\"480\" height=\"640\" src=\"https:\/\/amandus.se\/blogg\/wp-content\/uploads\/2024\/08\/IMG_6891-rotated.jpg\" alt=\"\" class=\"wp-image-3502\" srcset=\"https:\/\/amandus.se\/blogg\/wp-content\/uploads\/2024\/08\/IMG_6891-rotated.jpg 480w, https:\/\/amandus.se\/blogg\/wp-content\/uploads\/2024\/08\/IMG_6891-225x300.jpg 225w\" sizes=\"auto, (max-width: 480px) 100vw, 480px\" \/><figcaption class=\"wp-element-caption\">Anders kollar vad som kommer till lakanet och jag sitter i bilen och tittar p\u00e5<\/figcaption><\/figure>\n\n\n\n<p>!5 och 16 aug tillbringade vi p\u00e5 K\u00e5seberga st\u00e4llplats.  Vi gick runt i omgivningarna och som vanligt hamnade vi p\u00e5 K\u00e5seberga r\u00f6keri i hamnen. Mycket gott blev det till middag.<\/p>\n\n\n\n<figure class=\"wp-block-image size-full\"><img loading=\"lazy\" decoding=\"async\" width=\"640\" height=\"480\" src=\"https:\/\/amandus.se\/blogg\/wp-content\/uploads\/2024\/08\/IMG_6894.jpg\" alt=\"\" class=\"wp-image-3503\" srcset=\"https:\/\/amandus.se\/blogg\/wp-content\/uploads\/2024\/08\/IMG_6894.jpg 640w, https:\/\/amandus.se\/blogg\/wp-content\/uploads\/2024\/08\/IMG_6894-300x225.jpg 300w\" sizes=\"auto, (max-width: 640px) 100vw, 640px\" \/><figcaption class=\"wp-element-caption\">K\u00e5seberga hamn. Lukten fr\u00e5n t\u00e5ngen \u00e4r vidrig.<\/figcaption><\/figure>\n\n\n\n<p>I g\u00e5r, 17\/8, \u00e5kte vi till Klagshamn. Vi gick runt i hamnen och tittade p\u00e5 b\u00e5tar och folk.<\/p>\n\n\n\n<figure class=\"wp-block-image size-full\"><img loading=\"lazy\" decoding=\"async\" width=\"480\" height=\"495\" src=\"https:\/\/amandus.se\/blogg\/wp-content\/uploads\/2024\/08\/IMG_68981.jpg\" alt=\"\" class=\"wp-image-3504\" srcset=\"https:\/\/amandus.se\/blogg\/wp-content\/uploads\/2024\/08\/IMG_68981.jpg 480w, https:\/\/amandus.se\/blogg\/wp-content\/uploads\/2024\/08\/IMG_68981-291x300.jpg 291w\" sizes=\"auto, (max-width: 480px) 100vw, 480px\" \/><\/figure>\n\n\n\n<p>P\u00e5 kv\u00e4llen t\u00e4nde vi lampan vid reningsverket i Klagshamn, en mycket k\u00e4nd fj\u00e4rilslokal. Det var d\u00e5ligt drag kanske beroende p\u00e5 fullm\u00e5nen. Det kom n\u00e5gra<strong> A.puta (Ovalfl\u00e4ckat jordfly) <\/strong>och b\u00e5de hona och hanar av <strong>E.potatoria (Gr\u00e4selefant)<\/strong>.<\/p>\n\n\n\n<figure class=\"wp-block-image size-full\"><img loading=\"lazy\" decoding=\"async\" width=\"621\" height=\"544\" src=\"https:\/\/amandus.se\/blogg\/wp-content\/uploads\/2024\/08\/IMG_69001.jpg\" alt=\"\" class=\"wp-image-3506\" srcset=\"https:\/\/amandus.se\/blogg\/wp-content\/uploads\/2024\/08\/IMG_69001.jpg 621w, https:\/\/amandus.se\/blogg\/wp-content\/uploads\/2024\/08\/IMG_69001-300x263.jpg 300w\" sizes=\"auto, (max-width: 621px) 100vw, 621px\" \/><figcaption class=\"wp-element-caption\">Fullm\u00e5nen lyste starkt<\/figcaption><\/figure>\n\n\n\n<p>Idag, 18\/8, k\u00f6rde vi som s\u00e5 m\u00e5nga g\u00e5nger f\u00f6rr till Grimeton. Imorgon blir det hemf\u00e4rd.<\/p>\n\n\n\n<figure class=\"wp-block-image size-full\"><img loading=\"lazy\" decoding=\"async\" width=\"480\" height=\"510\" src=\"https:\/\/amandus.se\/blogg\/wp-content\/uploads\/2024\/08\/IMG_69011.jpg\" alt=\"\" class=\"wp-image-3505\" srcset=\"https:\/\/amandus.se\/blogg\/wp-content\/uploads\/2024\/08\/IMG_69011.jpg 480w, https:\/\/amandus.se\/blogg\/wp-content\/uploads\/2024\/08\/IMG_69011-282x300.jpg 282w\" sizes=\"auto, (max-width: 480px) 100vw, 480px\" \/><\/figure>\n","protected":false},"excerpt":{"rendered":"<p>N\u00e4r vi t\u00e4nde lampan i Hagestad den 13 augusti fl\u00f6g det hyfsat bra men det kom bara f\u00f6rv\u00e4ntade arter. Den 14\/8 \u00e5kte vi till L\u00f6derups strandbad. Vi badade inte men nj\u00f6t av det fina v\u00e4dret. N\u00e4r man \u00e4r ute och \u00e5ker som vi s\u00e5 ser man m\u00e5nga olika s\u00e4tt att ta sig fram. Ett av &hellip; <a href=\"https:\/\/amandus.se\/blogg\/?p=3499\" class=\"more-link\">Forts\u00e4tt l\u00e4sa <span class=\"screen-reader-text\">Sista etappen p\u00e5 denna resa<\/span> <span class=\"meta-nav\">&rarr;<\/span><\/a><\/p>\n","protected":false},"author":1,"featured_media":0,"comment_status":"open","ping_status":"open","sticky":false,"template":"","format":"standard","meta":{"footnotes":""},"categories":[4,5,6],"tags":[],"class_list":["post-3499","post","type-post","status-publish","format-standard","hentry","category-ditt-och-datt","category-fjarilarbutterfly","category-sverigesweden"],"_links":{"self":[{"href":"https:\/\/amandus.se\/blogg\/index.php?rest_route=\/wp\/v2\/posts\/3499","targetHints":{"allow":["GET"]}}],"collection":[{"href":"https:\/\/amandus.se\/blogg\/index.php?rest_route=\/wp\/v2\/posts"}],"about":[{"href":"https:\/\/amandus.se\/blogg\/index.php?rest_route=\/wp\/v2\/types\/post"}],"author":[{"embeddable":true,"href":"https:\/\/amandus.se\/blogg\/index.php?rest_route=\/wp\/v2\/users\/1"}],"replies":[{"embeddable":true,"href":"https:\/\/amandus.se\/blogg\/index.php?rest_route=%2Fwp%2Fv2%2Fcomments&post=3499"}],"version-history":[{"count":1,"href":"https:\/\/amandus.se\/blogg\/index.php?rest_route=\/wp\/v2\/posts\/3499\/revisions"}],"predecessor-version":[{"id":3507,"href":"https:\/\/amandus.se\/blogg\/index.php?rest_route=\/wp\/v2\/posts\/3499\/revisions\/3507"}],"wp:attachment":[{"href":"https:\/\/amandus.se\/blogg\/index.php?rest_route=%2Fwp%2Fv2%2Fmedia&parent=3499"}],"wp:term":[{"taxonomy":"category","embeddable":true,"href":"https:\/\/amandus.se\/blogg\/index.php?rest_route=%2Fwp%2Fv2%2Fcategories&post=3499"},{"taxonomy":"post_tag","embeddable":true,"href":"https:\/\/amandus.se\/blogg\/index.php?rest_route=%2Fwp%2Fv2%2Ftags&post=3499"}],"curies":[{"name":"wp","href":"https:\/\/api.w.org\/{rel}","templated":true}]}}