{"id":3513,"date":"2024-09-04T19:45:38","date_gmt":"2024-09-04T17:45:38","guid":{"rendered":"https:\/\/amandus.se\/blogg\/?p=3513"},"modified":"2024-09-04T19:45:55","modified_gmt":"2024-09-04T17:45:55","slug":"standig-langtan-till-oland","status":"publish","type":"post","link":"https:\/\/amandus.se\/blogg\/?p=3513","title":{"rendered":"St\u00e4ndig l\u00e4ngtan till \u00d6land"},"content":{"rendered":"\n<p>V\u00e4derprognosen s\u00e5g mycket lovande ut och \u00d6land \u00e4r alltid lovande s\u00e5 i m\u00e5ndags, 2\/9, l\u00e4mnade vi hem\u00f6n och k\u00f6rde mot \u00d6land.<\/p>\n\n\n\n<figure class=\"wp-block-gallery has-nested-images columns-default is-cropped wp-block-gallery-1 is-layout-flex wp-block-gallery-is-layout-flex\">\n<figure class=\"wp-block-image size-large\"><img loading=\"lazy\" decoding=\"async\" width=\"480\" height=\"640\" data-id=\"3515\" src=\"https:\/\/amandus.se\/blogg\/wp-content\/uploads\/2024\/09\/IMG_6978-1.jpg\" alt=\"\" class=\"wp-image-3515\" srcset=\"https:\/\/amandus.se\/blogg\/wp-content\/uploads\/2024\/09\/IMG_6978-1.jpg 480w, https:\/\/amandus.se\/blogg\/wp-content\/uploads\/2024\/09\/IMG_6978-1-225x300.jpg 225w\" sizes=\"auto, (max-width: 480px) 100vw, 480px\" \/><figcaption class=\"wp-element-caption\">R\u00f6da n\u00e4ckrosor p\u00e5 Malm\u00f6n<\/figcaption><\/figure>\n\n\n\n<figure class=\"wp-block-image size-large\"><img loading=\"lazy\" decoding=\"async\" width=\"640\" height=\"480\" data-id=\"3514\" src=\"https:\/\/amandus.se\/blogg\/wp-content\/uploads\/2024\/09\/IMG_6998-1.jpg\" alt=\"\" class=\"wp-image-3514\" srcset=\"https:\/\/amandus.se\/blogg\/wp-content\/uploads\/2024\/09\/IMG_6998-1.jpg 640w, https:\/\/amandus.se\/blogg\/wp-content\/uploads\/2024\/09\/IMG_6998-1-300x225.jpg 300w\" sizes=\"auto, (max-width: 640px) 100vw, 640px\" \/><figcaption class=\"wp-element-caption\">Vacker vy i Beijershamn<\/figcaption><\/figure>\n<\/figure>\n\n\n\n<p>Vi t\u00e4nde lampan vid M\u00f6ckelmossen men det fl\u00f6g d\u00e5ligt. I g\u00e5r, 3\/9,  \u00e5kte vi till Beijershamn d\u00e4r vi tog en promenad. I Lenstad fick vi s\u00e4llskap med  n\u00e5gra h\u00f6ns.<\/p>\n\n\n\n<figure class=\"wp-block-image size-full is-resized\"><img loading=\"lazy\" decoding=\"async\" width=\"480\" height=\"640\" src=\"https:\/\/amandus.se\/blogg\/wp-content\/uploads\/2024\/09\/IMG_7002-rotated.jpg\" alt=\"\" class=\"wp-image-3516\" style=\"width:395px;height:auto\" srcset=\"https:\/\/amandus.se\/blogg\/wp-content\/uploads\/2024\/09\/IMG_7002-rotated.jpg 480w, https:\/\/amandus.se\/blogg\/wp-content\/uploads\/2024\/09\/IMG_7002-225x300.jpg 225w\" sizes=\"auto, (max-width: 480px) 100vw, 480px\" \/><figcaption class=\"wp-element-caption\">Frig\u00e5ende h\u00f6ns<\/figcaption><\/figure>\n\n\n\n<p>Idag, 4\/9, har vi \u00e5kt runt f\u00f6r att leta efter luzernf\u00e4lt. Vi hittade flera f\u00e4lt som kommer att f\u00e5 nattliga bes\u00f6k.<\/p>\n\n\n\n<figure class=\"wp-block-image size-full is-resized\"><img loading=\"lazy\" decoding=\"async\" width=\"640\" height=\"480\" src=\"https:\/\/amandus.se\/blogg\/wp-content\/uploads\/2024\/09\/IMG_7004.jpg\" alt=\"\" class=\"wp-image-3517\" style=\"width:353px;height:auto\" srcset=\"https:\/\/amandus.se\/blogg\/wp-content\/uploads\/2024\/09\/IMG_7004.jpg 640w, https:\/\/amandus.se\/blogg\/wp-content\/uploads\/2024\/09\/IMG_7004-300x225.jpg 300w\" sizes=\"auto, (max-width: 640px) 100vw, 640px\" \/><figcaption class=\"wp-element-caption\">Luzernf\u00e4lt<\/figcaption><\/figure>\n\n\n\n<p>P\u00e5 eftermiddagen \u00e5kte vi till G\u00e5rdby och letade efter Skogsklematis Anders slagh\u00e5vade men ingen larv hamnade i h\u00e5ven. I kv\u00e4ll ska vi t\u00e4nda lampan h\u00e4r i G\u00e5rdby, stilla och varmt s\u00e5 det kan bli en lovande kv\u00e4ll.<\/p>\n\n\n\n<figure class=\"wp-block-gallery has-nested-images columns-default is-cropped wp-block-gallery-2 is-layout-flex wp-block-gallery-is-layout-flex\">\n<figure class=\"wp-block-image size-large\"><img loading=\"lazy\" decoding=\"async\" width=\"480\" height=\"640\" data-id=\"3518\" src=\"https:\/\/amandus.se\/blogg\/wp-content\/uploads\/2024\/09\/IMG_7005.jpg\" alt=\"\" class=\"wp-image-3518\" srcset=\"https:\/\/amandus.se\/blogg\/wp-content\/uploads\/2024\/09\/IMG_7005.jpg 480w, https:\/\/amandus.se\/blogg\/wp-content\/uploads\/2024\/09\/IMG_7005-225x300.jpg 225w\" sizes=\"auto, (max-width: 480px) 100vw, 480px\" \/><figcaption class=\"wp-element-caption\">Skogsklematis<\/figcaption><\/figure>\n\n\n\n<figure class=\"wp-block-image size-large\"><img loading=\"lazy\" decoding=\"async\" width=\"480\" height=\"640\" data-id=\"3519\" src=\"https:\/\/amandus.se\/blogg\/wp-content\/uploads\/2024\/09\/IMG_7006.jpg\" alt=\"\" class=\"wp-image-3519\" srcset=\"https:\/\/amandus.se\/blogg\/wp-content\/uploads\/2024\/09\/IMG_7006.jpg 480w, https:\/\/amandus.se\/blogg\/wp-content\/uploads\/2024\/09\/IMG_7006-225x300.jpg 225w\" sizes=\"auto, (max-width: 480px) 100vw, 480px\" \/><figcaption class=\"wp-element-caption\">Anders g\u00e5r med h\u00e5ven<\/figcaption><\/figure>\n<\/figure>\n\n\n\n<p><\/p>\n","protected":false},"excerpt":{"rendered":"<p>V\u00e4derprognosen s\u00e5g mycket lovande ut och \u00d6land \u00e4r alltid lovande s\u00e5 i m\u00e5ndags, 2\/9, l\u00e4mnade vi hem\u00f6n och k\u00f6rde mot \u00d6land. Vi t\u00e4nde lampan vid M\u00f6ckelmossen men det fl\u00f6g d\u00e5ligt. I g\u00e5r, 3\/9, \u00e5kte vi till Beijershamn d\u00e4r vi tog en promenad. I Lenstad fick vi s\u00e4llskap med n\u00e5gra h\u00f6ns. Idag, 4\/9, har vi \u00e5kt &hellip; <a href=\"https:\/\/amandus.se\/blogg\/?p=3513\" class=\"more-link\">Forts\u00e4tt l\u00e4sa <span class=\"screen-reader-text\">St\u00e4ndig l\u00e4ngtan till \u00d6land<\/span> <span class=\"meta-nav\">&rarr;<\/span><\/a><\/p>\n","protected":false},"author":1,"featured_media":0,"comment_status":"open","ping_status":"open","sticky":false,"template":"","format":"standard","meta":{"footnotes":""},"categories":[4,5,6],"tags":[],"class_list":["post-3513","post","type-post","status-publish","format-standard","hentry","category-ditt-och-datt","category-fjarilarbutterfly","category-sverigesweden"],"_links":{"self":[{"href":"https:\/\/amandus.se\/blogg\/index.php?rest_route=\/wp\/v2\/posts\/3513","targetHints":{"allow":["GET"]}}],"collection":[{"href":"https:\/\/amandus.se\/blogg\/index.php?rest_route=\/wp\/v2\/posts"}],"about":[{"href":"https:\/\/amandus.se\/blogg\/index.php?rest_route=\/wp\/v2\/types\/post"}],"author":[{"embeddable":true,"href":"https:\/\/amandus.se\/blogg\/index.php?rest_route=\/wp\/v2\/users\/1"}],"replies":[{"embeddable":true,"href":"https:\/\/amandus.se\/blogg\/index.php?rest_route=%2Fwp%2Fv2%2Fcomments&post=3513"}],"version-history":[{"count":1,"href":"https:\/\/amandus.se\/blogg\/index.php?rest_route=\/wp\/v2\/posts\/3513\/revisions"}],"predecessor-version":[{"id":3520,"href":"https:\/\/amandus.se\/blogg\/index.php?rest_route=\/wp\/v2\/posts\/3513\/revisions\/3520"}],"wp:attachment":[{"href":"https:\/\/amandus.se\/blogg\/index.php?rest_route=%2Fwp%2Fv2%2Fmedia&parent=3513"}],"wp:term":[{"taxonomy":"category","embeddable":true,"href":"https:\/\/amandus.se\/blogg\/index.php?rest_route=%2Fwp%2Fv2%2Fcategories&post=3513"},{"taxonomy":"post_tag","embeddable":true,"href":"https:\/\/amandus.se\/blogg\/index.php?rest_route=%2Fwp%2Fv2%2Ftags&post=3513"}],"curies":[{"name":"wp","href":"https:\/\/api.w.org\/{rel}","templated":true}]}}