{"id":3668,"date":"2025-07-04T15:02:45","date_gmt":"2025-07-04T13:02:45","guid":{"rendered":"https:\/\/amandus.se\/blogg\/?p=3668"},"modified":"2025-07-04T21:30:00","modified_gmt":"2025-07-04T19:30:00","slug":"varma-dagar-pa-norra-oland","status":"publish","type":"post","link":"https:\/\/amandus.se\/blogg\/?p=3668","title":{"rendered":"Varma dagar p\u00e5 norra \u00d6land"},"content":{"rendered":"\n<p>Den 1 juli var \u00e5rets hittills b\u00e4sta lyskv\u00e4ll. Det kom m\u00e5nga fj\u00e4rilar till lakanet, n\u00e5gra riktigt rara som <strong>I.trigeminata <\/strong>(Brunfl\u00e4ckad l\u00f6vm\u00e4tare) och tv\u00e5<strong> C.juventina <\/strong>(Ormbunksfly)<\/p>\n\n\n\n<figure class=\"wp-block-image size-full is-resized\"><img loading=\"lazy\" decoding=\"async\" width=\"900\" height=\"696\" src=\"https:\/\/amandus.se\/blogg\/wp-content\/uploads\/2025\/07\/IMG_1523.jpg\" alt=\"\" class=\"wp-image-3676\" style=\"width:559px;height:auto\" srcset=\"https:\/\/amandus.se\/blogg\/wp-content\/uploads\/2025\/07\/IMG_1523.jpg 900w, https:\/\/amandus.se\/blogg\/wp-content\/uploads\/2025\/07\/IMG_1523-300x232.jpg 300w, https:\/\/amandus.se\/blogg\/wp-content\/uploads\/2025\/07\/IMG_1523-768x594.jpg 768w\" sizes=\"auto, (max-width: 900px) 100vw, 900px\" \/><figcaption class=\"wp-element-caption\"><strong>C.juventina <\/strong>(Ormbunksfly)<\/figcaption><\/figure>\n\n\n\n<figure class=\"wp-block-image size-full is-resized\"><img loading=\"lazy\" decoding=\"async\" width=\"640\" height=\"480\" src=\"https:\/\/amandus.se\/blogg\/wp-content\/uploads\/2025\/07\/IMG_8160.jpg\" alt=\"\" class=\"wp-image-3670\" style=\"width:331px;height:auto\" srcset=\"https:\/\/amandus.se\/blogg\/wp-content\/uploads\/2025\/07\/IMG_8160.jpg 640w, https:\/\/amandus.se\/blogg\/wp-content\/uploads\/2025\/07\/IMG_8160-300x225.jpg 300w\" sizes=\"auto, (max-width: 640px) 100vw, 640px\" \/><figcaption class=\"wp-element-caption\">N\u00e5gra av fj\u00e4rilarna p\u00e5 lakanet<\/figcaption><\/figure>\n\n\n\n<p>Onsdagen den 2\/7 var det en riktigt varm dag runt 30 grader.  Vi best\u00e4mde oss f\u00f6r att stanna \u00e4nnu en dag p\u00e5 Sk\u00e4ftek\u00e4rrs st\u00e4llplats.  T\u00e4nkte att vi kunde f\u00e5 till \u00e4nnu en bra lysnatt. P\u00e5 dagen h\u00f6ll vi oss i skuggan. De hade goda pizzor att s\u00e4lja p\u00e5 restaurangen s\u00e5 det blev pizza till middag.<\/p>\n\n\n\n<figure class=\"wp-block-image size-full is-resized\"><img loading=\"lazy\" decoding=\"async\" width=\"480\" height=\"640\" src=\"https:\/\/amandus.se\/blogg\/wp-content\/uploads\/2025\/07\/IMG_8156-rotated.jpg\" alt=\"\" class=\"wp-image-3669\" style=\"width:272px;height:auto\" srcset=\"https:\/\/amandus.se\/blogg\/wp-content\/uploads\/2025\/07\/IMG_8156-rotated.jpg 480w, https:\/\/amandus.se\/blogg\/wp-content\/uploads\/2025\/07\/IMG_8156-225x300.jpg 225w\" sizes=\"auto, (max-width: 480px) 100vw, 480px\" \/><figcaption class=\"wp-element-caption\">Surdegspizzor, v\u00e4ldigt goda<\/figcaption><\/figure>\n\n\n\n<p>N\u00e4r vi t\u00e4nde lampan vid 23-tiden kom det en del fj\u00e4rilar men ingen sp\u00e4nnande.<\/p>\n\n\n\n<p>I g\u00e5r, 3\/7, k\u00f6rde vi till M\u00f6ckelmossen. Efter tv\u00e5 lysn\u00e4tter n\u00e4r lampan sl\u00e4cks f\u00f6rst vid 2-3 tiden k\u00e4nde vi f\u00f6r en slappardag. Vi tr\u00e4ffade tv\u00e5 entomologer som h\u00f6ll p\u00e5 med Dagfj\u00e4rils\u00f6vervakning. Dagfj\u00e4rils\u00f6vervakning inneb\u00e4r att man varje dag g\u00e5r en best\u00e4md slinga, samma slinga varje dag, och noterar vilka fj\u00e4rilar man ser. Ansvarig f\u00f6r dagfj\u00e4rils\u00f6vervakningen i Sverige \u00e4r Lars Pettersson, som var en av dem vi tr\u00e4ffade.<\/p>\n\n\n\n<figure class=\"wp-block-gallery has-nested-images columns-default is-cropped wp-block-gallery-1 is-layout-flex wp-block-gallery-is-layout-flex\">\n<figure class=\"wp-block-image size-large\"><img loading=\"lazy\" decoding=\"async\" width=\"413\" height=\"556\" data-id=\"3671\" src=\"https:\/\/amandus.se\/blogg\/wp-content\/uploads\/2025\/07\/IMG_8161.jpg\" alt=\"\" class=\"wp-image-3671\" srcset=\"https:\/\/amandus.se\/blogg\/wp-content\/uploads\/2025\/07\/IMG_8161.jpg 413w, https:\/\/amandus.se\/blogg\/wp-content\/uploads\/2025\/07\/IMG_8161-223x300.jpg 223w\" sizes=\"auto, (max-width: 413px) 100vw, 413px\" \/><figcaption class=\"wp-element-caption\">Lars Pettersson<\/figcaption><\/figure>\n\n\n\n<figure class=\"wp-block-image size-large\"><img loading=\"lazy\" decoding=\"async\" width=\"480\" height=\"640\" data-id=\"3672\" src=\"https:\/\/amandus.se\/blogg\/wp-content\/uploads\/2025\/07\/IMG_8162.jpg\" alt=\"\" class=\"wp-image-3672\" srcset=\"https:\/\/amandus.se\/blogg\/wp-content\/uploads\/2025\/07\/IMG_8162.jpg 480w, https:\/\/amandus.se\/blogg\/wp-content\/uploads\/2025\/07\/IMG_8162-225x300.jpg 225w\" sizes=\"auto, (max-width: 480px) 100vw, 480px\" \/><figcaption class=\"wp-element-caption\">Sam Bengtsson<\/figcaption><\/figure>\n<\/figure>\n\n\n\n<p>Idag, 4\/7, hade vi t\u00e4nkt k\u00f6ra till Sk\u00e5ne men n\u00e4r vi tittade p\u00e5 v\u00e4derleksrapporten best\u00e4mde vi oss f\u00f6r att stanna p\u00e5 \u00d6land n\u00e5gra dagar till. I Sk\u00e5ne skulle det regna och regna och sedan skulle det komma mer regn.<\/p>\n","protected":false},"excerpt":{"rendered":"<p>Den 1 juli var \u00e5rets hittills b\u00e4sta lyskv\u00e4ll. Det kom m\u00e5nga fj\u00e4rilar till lakanet, n\u00e5gra riktigt rara som I.trigeminata (Brunfl\u00e4ckad l\u00f6vm\u00e4tare) och tv\u00e5 C.juventina (Ormbunksfly) Onsdagen den 2\/7 var det en riktigt varm dag runt 30 grader. Vi best\u00e4mde oss f\u00f6r att stanna \u00e4nnu en dag p\u00e5 Sk\u00e4ftek\u00e4rrs st\u00e4llplats. T\u00e4nkte att vi kunde f\u00e5 till &hellip; <a href=\"https:\/\/amandus.se\/blogg\/?p=3668\" class=\"more-link\">Forts\u00e4tt l\u00e4sa <span class=\"screen-reader-text\">Varma dagar p\u00e5 norra \u00d6land<\/span> <span class=\"meta-nav\">&rarr;<\/span><\/a><\/p>\n","protected":false},"author":1,"featured_media":0,"comment_status":"open","ping_status":"open","sticky":false,"template":"","format":"standard","meta":{"footnotes":""},"categories":[4,5,6],"tags":[],"class_list":["post-3668","post","type-post","status-publish","format-standard","hentry","category-ditt-och-datt","category-fjarilarbutterfly","category-sverigesweden"],"_links":{"self":[{"href":"https:\/\/amandus.se\/blogg\/index.php?rest_route=\/wp\/v2\/posts\/3668","targetHints":{"allow":["GET"]}}],"collection":[{"href":"https:\/\/amandus.se\/blogg\/index.php?rest_route=\/wp\/v2\/posts"}],"about":[{"href":"https:\/\/amandus.se\/blogg\/index.php?rest_route=\/wp\/v2\/types\/post"}],"author":[{"embeddable":true,"href":"https:\/\/amandus.se\/blogg\/index.php?rest_route=\/wp\/v2\/users\/1"}],"replies":[{"embeddable":true,"href":"https:\/\/amandus.se\/blogg\/index.php?rest_route=%2Fwp%2Fv2%2Fcomments&post=3668"}],"version-history":[{"count":3,"href":"https:\/\/amandus.se\/blogg\/index.php?rest_route=\/wp\/v2\/posts\/3668\/revisions"}],"predecessor-version":[{"id":3678,"href":"https:\/\/amandus.se\/blogg\/index.php?rest_route=\/wp\/v2\/posts\/3668\/revisions\/3678"}],"wp:attachment":[{"href":"https:\/\/amandus.se\/blogg\/index.php?rest_route=%2Fwp%2Fv2%2Fmedia&parent=3668"}],"wp:term":[{"taxonomy":"category","embeddable":true,"href":"https:\/\/amandus.se\/blogg\/index.php?rest_route=%2Fwp%2Fv2%2Fcategories&post=3668"},{"taxonomy":"post_tag","embeddable":true,"href":"https:\/\/amandus.se\/blogg\/index.php?rest_route=%2Fwp%2Fv2%2Ftags&post=3668"}],"curies":[{"name":"wp","href":"https:\/\/api.w.org\/{rel}","templated":true}]}}