{"id":3680,"date":"2025-07-24T18:51:59","date_gmt":"2025-07-24T16:51:59","guid":{"rendered":"https:\/\/amandus.se\/blogg\/?p=3680"},"modified":"2025-07-24T18:58:28","modified_gmt":"2025-07-24T16:58:28","slug":"pa-tur-igen","status":"publish","type":"post","link":"https:\/\/amandus.se\/blogg\/?p=3680","title":{"rendered":"P\u00e5 tur igen"},"content":{"rendered":"\n<p>I dag, 24\/7, l\u00e4mnade vi sommarhetsen p\u00e5 Malm\u00f6n och k\u00f6rde till lugnet vid Hornborgasj\u00f6n. Hittar skugga under k\u00f6rsb\u00e4rstr\u00e4det. <\/p>\n\n\n\n<figure class=\"wp-block-image size-large\"><img loading=\"lazy\" decoding=\"async\" width=\"768\" height=\"1024\" src=\"https:\/\/amandus.se\/blogg\/wp-content\/uploads\/2025\/07\/IMG_8252-768x1024.jpeg\" alt=\"\" class=\"wp-image-3681\" srcset=\"https:\/\/amandus.se\/blogg\/wp-content\/uploads\/2025\/07\/IMG_8252-768x1024.jpeg 768w, https:\/\/amandus.se\/blogg\/wp-content\/uploads\/2025\/07\/IMG_8252-225x300.jpeg 225w, https:\/\/amandus.se\/blogg\/wp-content\/uploads\/2025\/07\/IMG_8252-1152x1536.jpeg 1152w, https:\/\/amandus.se\/blogg\/wp-content\/uploads\/2025\/07\/IMG_8252-1536x2048.jpeg 1536w, https:\/\/amandus.se\/blogg\/wp-content\/uploads\/2025\/07\/IMG_8252-scaled.jpeg 1920w\" sizes=\"auto, (max-width: 768px) 100vw, 768px\" \/><\/figure>\n\n\n\n<p>P\u00e5 Malm\u00f6n bor vi ca 260 \u00e5retruntboende. P\u00e5 sommaren \u00f6kar det till ca 5000 boende , f\u00f6rutom alla som \u00e5ker ut \u00f6ver dagen f\u00f6r att bada. S\u00e5 sk\u00f6nt att sitta h\u00e4r vid Hornborgasj\u00f6n och njuta av lugnet. Planen \u00e4r att vi k\u00f6r vidare mot J\u00e4mtland, H\u00e4rjedalen.<\/p>\n","protected":false},"excerpt":{"rendered":"<p>I dag, 24\/7, l\u00e4mnade vi sommarhetsen p\u00e5 Malm\u00f6n och k\u00f6rde till lugnet vid Hornborgasj\u00f6n. Hittar skugga under k\u00f6rsb\u00e4rstr\u00e4det. P\u00e5 Malm\u00f6n bor vi ca 260 \u00e5retruntboende. P\u00e5 sommaren \u00f6kar det till ca 5000 boende , f\u00f6rutom alla som \u00e5ker ut \u00f6ver dagen f\u00f6r att bada. S\u00e5 sk\u00f6nt att sitta h\u00e4r vid Hornborgasj\u00f6n och njuta av lugnet. &hellip; <a href=\"https:\/\/amandus.se\/blogg\/?p=3680\" class=\"more-link\">Forts\u00e4tt l\u00e4sa <span class=\"screen-reader-text\">P\u00e5 tur igen<\/span> <span class=\"meta-nav\">&rarr;<\/span><\/a><\/p>\n","protected":false},"author":1,"featured_media":0,"comment_status":"open","ping_status":"open","sticky":false,"template":"","format":"standard","meta":{"footnotes":""},"categories":[4,6],"tags":[],"class_list":["post-3680","post","type-post","status-publish","format-standard","hentry","category-ditt-och-datt","category-sverigesweden"],"_links":{"self":[{"href":"https:\/\/amandus.se\/blogg\/index.php?rest_route=\/wp\/v2\/posts\/3680","targetHints":{"allow":["GET"]}}],"collection":[{"href":"https:\/\/amandus.se\/blogg\/index.php?rest_route=\/wp\/v2\/posts"}],"about":[{"href":"https:\/\/amandus.se\/blogg\/index.php?rest_route=\/wp\/v2\/types\/post"}],"author":[{"embeddable":true,"href":"https:\/\/amandus.se\/blogg\/index.php?rest_route=\/wp\/v2\/users\/1"}],"replies":[{"embeddable":true,"href":"https:\/\/amandus.se\/blogg\/index.php?rest_route=%2Fwp%2Fv2%2Fcomments&post=3680"}],"version-history":[{"count":4,"href":"https:\/\/amandus.se\/blogg\/index.php?rest_route=\/wp\/v2\/posts\/3680\/revisions"}],"predecessor-version":[{"id":3686,"href":"https:\/\/amandus.se\/blogg\/index.php?rest_route=\/wp\/v2\/posts\/3680\/revisions\/3686"}],"wp:attachment":[{"href":"https:\/\/amandus.se\/blogg\/index.php?rest_route=%2Fwp%2Fv2%2Fmedia&parent=3680"}],"wp:term":[{"taxonomy":"category","embeddable":true,"href":"https:\/\/amandus.se\/blogg\/index.php?rest_route=%2Fwp%2Fv2%2Fcategories&post=3680"},{"taxonomy":"post_tag","embeddable":true,"href":"https:\/\/amandus.se\/blogg\/index.php?rest_route=%2Fwp%2Fv2%2Ftags&post=3680"}],"curies":[{"name":"wp","href":"https:\/\/api.w.org\/{rel}","templated":true}]}}