{"id":3707,"date":"2025-07-31T23:45:40","date_gmt":"2025-07-31T21:45:40","guid":{"rendered":"https:\/\/amandus.se\/blogg\/?p=3707"},"modified":"2025-07-31T23:51:04","modified_gmt":"2025-07-31T21:51:04","slug":"nu-ar-vi-i-jamtland","status":"publish","type":"post","link":"https:\/\/amandus.se\/blogg\/?p=3707","title":{"rendered":"Nu \u00e4r vi i J\u00e4mtland"},"content":{"rendered":"\n<p>Efter att ha tillbringat flera regniga dagar i Fun\u00e4sdalen verkade det ig\u00e5r \u00e4ntligen bli chans att t\u00e4nda fj\u00e4rilslampan. Det var marknadsdag i Fun\u00e4sdalen och vi k\u00f6pte lite hembakat fikabr\u00f6d.<\/p>\n\n\n\n<figure class=\"wp-block-image size-large is-resized\"><img loading=\"lazy\" decoding=\"async\" width=\"768\" height=\"1024\" src=\"https:\/\/amandus.se\/blogg\/wp-content\/uploads\/2025\/07\/IMG_8284-1-768x1024.jpeg\" alt=\"\" class=\"wp-image-3709\" style=\"width:368px;height:auto\" srcset=\"https:\/\/amandus.se\/blogg\/wp-content\/uploads\/2025\/07\/IMG_8284-1-768x1024.jpeg 768w, https:\/\/amandus.se\/blogg\/wp-content\/uploads\/2025\/07\/IMG_8284-1-225x300.jpeg 225w, https:\/\/amandus.se\/blogg\/wp-content\/uploads\/2025\/07\/IMG_8284-1-1152x1536.jpeg 1152w, https:\/\/amandus.se\/blogg\/wp-content\/uploads\/2025\/07\/IMG_8284-1-1536x2048.jpeg 1536w, https:\/\/amandus.se\/blogg\/wp-content\/uploads\/2025\/07\/IMG_8284-1-scaled.jpeg 1920w\" sizes=\"auto, (max-width: 768px) 100vw, 768px\" \/><\/figure>\n\n\n\n<p>Solen tittade fram p\u00e5 eftermiddagen. Vi gick och k\u00f6pte pizza f\u00f6r att fira solens ankomst. Men vid 18-tiden \u00f6ppnade sig himlen s\u00e5 d\u00e4r f\u00f6rsvann den lyskv\u00e4llen. Det blev ett glas vin, godis och en dokument\u00e4r om Ozzy Osbourne ist\u00e4llet. <br>Idag, 31\/7, l\u00e4mnade vi Fun\u00e4sdalen och styrde \u00f6ster ut. Vi hamnade i J\u00e4mtland vid en sj\u00f6 som heter Handsj\u00f6n. H\u00e4r \u00e4r varmt, soligt och h\u00e4rligt.<\/p>\n\n\n\n<figure class=\"wp-block-image size-large\"><img loading=\"lazy\" decoding=\"async\" width=\"768\" height=\"1024\" src=\"https:\/\/amandus.se\/blogg\/wp-content\/uploads\/2025\/07\/IMG_8287-768x1024.jpeg\" alt=\"\" class=\"wp-image-3710\" srcset=\"https:\/\/amandus.se\/blogg\/wp-content\/uploads\/2025\/07\/IMG_8287-768x1024.jpeg 768w, https:\/\/amandus.se\/blogg\/wp-content\/uploads\/2025\/07\/IMG_8287-225x300.jpeg 225w, https:\/\/amandus.se\/blogg\/wp-content\/uploads\/2025\/07\/IMG_8287-1152x1536.jpeg 1152w, https:\/\/amandus.se\/blogg\/wp-content\/uploads\/2025\/07\/IMG_8287-1536x2048.jpeg 1536w, https:\/\/amandus.se\/blogg\/wp-content\/uploads\/2025\/07\/IMG_8287-scaled.jpeg 1920w\" sizes=\"auto, (max-width: 768px) 100vw, 768px\" \/><\/figure>\n\n\n\n<p><br>Nu har vi t\u00e4nt lampan f\u00f6r f\u00f6rsta g\u00e5ngen i J\u00e4mtland. Vi har letat fj\u00e4rilar tidigare i J\u00e4mtland men aldrig lyst. <\/p>\n\n\n\n<figure class=\"wp-block-image size-large is-resized\"><img loading=\"lazy\" decoding=\"async\" width=\"768\" height=\"1024\" src=\"https:\/\/amandus.se\/blogg\/wp-content\/uploads\/2025\/07\/IMG_8289-768x1024.jpeg\" alt=\"\" class=\"wp-image-3711\" style=\"width:423px;height:auto\" srcset=\"https:\/\/amandus.se\/blogg\/wp-content\/uploads\/2025\/07\/IMG_8289-768x1024.jpeg 768w, https:\/\/amandus.se\/blogg\/wp-content\/uploads\/2025\/07\/IMG_8289-225x300.jpeg 225w, https:\/\/amandus.se\/blogg\/wp-content\/uploads\/2025\/07\/IMG_8289-1152x1536.jpeg 1152w, https:\/\/amandus.se\/blogg\/wp-content\/uploads\/2025\/07\/IMG_8289-1536x2048.jpeg 1536w, https:\/\/amandus.se\/blogg\/wp-content\/uploads\/2025\/07\/IMG_8289-scaled.jpeg 1920w\" sizes=\"auto, (max-width: 768px) 100vw, 768px\" \/><\/figure>\n","protected":false},"excerpt":{"rendered":"<p>Efter att ha tillbringat flera regniga dagar i Fun\u00e4sdalen verkade det ig\u00e5r \u00e4ntligen bli chans att t\u00e4nda fj\u00e4rilslampan. Det var marknadsdag i Fun\u00e4sdalen och vi k\u00f6pte lite hembakat fikabr\u00f6d. Solen tittade fram p\u00e5 eftermiddagen. Vi gick och k\u00f6pte pizza f\u00f6r att fira solens ankomst. Men vid 18-tiden \u00f6ppnade sig himlen s\u00e5 d\u00e4r f\u00f6rsvann den lyskv\u00e4llen. &hellip; <a href=\"https:\/\/amandus.se\/blogg\/?p=3707\" class=\"more-link\">Forts\u00e4tt l\u00e4sa <span class=\"screen-reader-text\">Nu \u00e4r vi i J\u00e4mtland<\/span> <span class=\"meta-nav\">&rarr;<\/span><\/a><\/p>\n","protected":false},"author":1,"featured_media":0,"comment_status":"open","ping_status":"open","sticky":false,"template":"","format":"standard","meta":{"footnotes":""},"categories":[4,5,6],"tags":[],"class_list":["post-3707","post","type-post","status-publish","format-standard","hentry","category-ditt-och-datt","category-fjarilarbutterfly","category-sverigesweden"],"_links":{"self":[{"href":"https:\/\/amandus.se\/blogg\/index.php?rest_route=\/wp\/v2\/posts\/3707","targetHints":{"allow":["GET"]}}],"collection":[{"href":"https:\/\/amandus.se\/blogg\/index.php?rest_route=\/wp\/v2\/posts"}],"about":[{"href":"https:\/\/amandus.se\/blogg\/index.php?rest_route=\/wp\/v2\/types\/post"}],"author":[{"embeddable":true,"href":"https:\/\/amandus.se\/blogg\/index.php?rest_route=\/wp\/v2\/users\/1"}],"replies":[{"embeddable":true,"href":"https:\/\/amandus.se\/blogg\/index.php?rest_route=%2Fwp%2Fv2%2Fcomments&post=3707"}],"version-history":[{"count":2,"href":"https:\/\/amandus.se\/blogg\/index.php?rest_route=\/wp\/v2\/posts\/3707\/revisions"}],"predecessor-version":[{"id":3714,"href":"https:\/\/amandus.se\/blogg\/index.php?rest_route=\/wp\/v2\/posts\/3707\/revisions\/3714"}],"wp:attachment":[{"href":"https:\/\/amandus.se\/blogg\/index.php?rest_route=%2Fwp%2Fv2%2Fmedia&parent=3707"}],"wp:term":[{"taxonomy":"category","embeddable":true,"href":"https:\/\/amandus.se\/blogg\/index.php?rest_route=%2Fwp%2Fv2%2Fcategories&post=3707"},{"taxonomy":"post_tag","embeddable":true,"href":"https:\/\/amandus.se\/blogg\/index.php?rest_route=%2Fwp%2Fv2%2Ftags&post=3707"}],"curies":[{"name":"wp","href":"https:\/\/api.w.org\/{rel}","templated":true}]}}