{"id":3784,"date":"2025-09-12T20:22:34","date_gmt":"2025-09-12T18:22:34","guid":{"rendered":"https:\/\/amandus.se\/blogg\/?p=3784"},"modified":"2025-09-12T20:23:17","modified_gmt":"2025-09-12T18:23:17","slug":"sista-olandslyset-for-i-ar","status":"publish","type":"post","link":"https:\/\/amandus.se\/blogg\/?p=3784","title":{"rendered":"Sista \u00d6landslyset f\u00f6r i \u00e5r"},"content":{"rendered":"\n<p>12\/9 I kv\u00e4ll har vi t\u00e4nt lampan vid G\u00e5rdby sandhed&#8230;.. igen. De senaste kv\u00e4llarna vi haft fj\u00e4rilslampan t\u00e4nd har det inte kommit n\u00e5got sp\u00e4nnande. En f\u00f6rdel med att lysa \u00e4r att n\u00e4r elverket \u00e4r ig\u00e5ng s\u00e5 kan man dra in en f\u00f6rl\u00e4ngningssladd i husbilen och ladda alla apparater. <\/p>\n\n\n\n<figure class=\"wp-block-image size-full\"><img loading=\"lazy\" decoding=\"async\" width=\"480\" height=\"640\" src=\"https:\/\/amandus.se\/blogg\/wp-content\/uploads\/2025\/09\/IMG_8534-rotated.jpg\" alt=\"\" class=\"wp-image-3785\" srcset=\"https:\/\/amandus.se\/blogg\/wp-content\/uploads\/2025\/09\/IMG_8534-rotated.jpg 480w, https:\/\/amandus.se\/blogg\/wp-content\/uploads\/2025\/09\/IMG_8534-225x300.jpg 225w\" sizes=\"auto, (max-width: 480px) 100vw, 480px\" \/><\/figure>\n\n\n\n<p>Larverna som Anders bankade i Degerhamn var <strong>M.procellata (Klematisf\u00e4ltm\u00e4tare). <\/strong>Den fj\u00e4rilen har vi men det \u00e4r alltid kul att kunna fotografera hela utvecklingen. <\/p>\n\n\n\n<p>I dag \u00e5t vi p\u00e5 Drottning \u00d6da, en lunchrestaurang vi brukar passa p\u00e5 att bes\u00f6ka n\u00e4r vi \u00e4r p\u00e5 \u00d6land. De  har alltid tre r\u00e4tters buff\u00e9, fisk, k\u00f6tt och vegetariskt samt efterr\u00e4tt och kaffe. Vi smakade p\u00e5 allt!<\/p>\n\n\n\n<figure class=\"wp-block-gallery has-nested-images columns-default is-cropped wp-block-gallery-1 is-layout-flex wp-block-gallery-is-layout-flex\">\n<figure class=\"wp-block-image size-large\"><img loading=\"lazy\" decoding=\"async\" width=\"480\" height=\"640\" data-id=\"3787\" src=\"https:\/\/amandus.se\/blogg\/wp-content\/uploads\/2025\/09\/IMG_8535-rotated.jpg\" alt=\"\" class=\"wp-image-3787\" srcset=\"https:\/\/amandus.se\/blogg\/wp-content\/uploads\/2025\/09\/IMG_8535-rotated.jpg 480w, https:\/\/amandus.se\/blogg\/wp-content\/uploads\/2025\/09\/IMG_8535-225x300.jpg 225w\" sizes=\"auto, (max-width: 480px) 100vw, 480px\" \/><\/figure>\n\n\n\n<figure class=\"wp-block-image size-large\"><img loading=\"lazy\" decoding=\"async\" width=\"480\" height=\"640\" data-id=\"3786\" src=\"https:\/\/amandus.se\/blogg\/wp-content\/uploads\/2025\/09\/IMG_8536-rotated.jpg\" alt=\"\" class=\"wp-image-3786\" srcset=\"https:\/\/amandus.se\/blogg\/wp-content\/uploads\/2025\/09\/IMG_8536-rotated.jpg 480w, https:\/\/amandus.se\/blogg\/wp-content\/uploads\/2025\/09\/IMG_8536-225x300.jpg 225w\" sizes=\"auto, (max-width: 480px) 100vw, 480px\" \/><\/figure>\n<\/figure>\n\n\n\n<p> Nu har vi varit p\u00e5 \u00d6land drygt en vecka. V\u00e4dret har varit fantastiskt. Varmt och sk\u00f6nt. Vi har verkligen kopplat av och bara gjort s\u00e5nt vi tycker \u00e4r roligt. Nu \u00e4r det dags att \u00e5ka hem till plikterna som hus och tr\u00e4dg\u00e5rd inneb\u00e4r. Det blir nog en fj\u00e4rilsresa till i \u00e5r men den blir till Sk\u00e5ne.<\/p>\n","protected":false},"excerpt":{"rendered":"<p>12\/9 I kv\u00e4ll har vi t\u00e4nt lampan vid G\u00e5rdby sandhed&#8230;.. igen. De senaste kv\u00e4llarna vi haft fj\u00e4rilslampan t\u00e4nd har det inte kommit n\u00e5got sp\u00e4nnande. En f\u00f6rdel med att lysa \u00e4r att n\u00e4r elverket \u00e4r ig\u00e5ng s\u00e5 kan man dra in en f\u00f6rl\u00e4ngningssladd i husbilen och ladda alla apparater. Larverna som Anders bankade i Degerhamn var &hellip; <a href=\"https:\/\/amandus.se\/blogg\/?p=3784\" class=\"more-link\">Forts\u00e4tt l\u00e4sa <span class=\"screen-reader-text\">Sista \u00d6landslyset f\u00f6r i \u00e5r<\/span> <span class=\"meta-nav\">&rarr;<\/span><\/a><\/p>\n","protected":false},"author":1,"featured_media":0,"comment_status":"open","ping_status":"open","sticky":false,"template":"","format":"standard","meta":{"footnotes":""},"categories":[4,5,6],"tags":[],"class_list":["post-3784","post","type-post","status-publish","format-standard","hentry","category-ditt-och-datt","category-fjarilarbutterfly","category-sverigesweden"],"_links":{"self":[{"href":"https:\/\/amandus.se\/blogg\/index.php?rest_route=\/wp\/v2\/posts\/3784","targetHints":{"allow":["GET"]}}],"collection":[{"href":"https:\/\/amandus.se\/blogg\/index.php?rest_route=\/wp\/v2\/posts"}],"about":[{"href":"https:\/\/amandus.se\/blogg\/index.php?rest_route=\/wp\/v2\/types\/post"}],"author":[{"embeddable":true,"href":"https:\/\/amandus.se\/blogg\/index.php?rest_route=\/wp\/v2\/users\/1"}],"replies":[{"embeddable":true,"href":"https:\/\/amandus.se\/blogg\/index.php?rest_route=%2Fwp%2Fv2%2Fcomments&post=3784"}],"version-history":[{"count":2,"href":"https:\/\/amandus.se\/blogg\/index.php?rest_route=\/wp\/v2\/posts\/3784\/revisions"}],"predecessor-version":[{"id":3790,"href":"https:\/\/amandus.se\/blogg\/index.php?rest_route=\/wp\/v2\/posts\/3784\/revisions\/3790"}],"wp:attachment":[{"href":"https:\/\/amandus.se\/blogg\/index.php?rest_route=%2Fwp%2Fv2%2Fmedia&parent=3784"}],"wp:term":[{"taxonomy":"category","embeddable":true,"href":"https:\/\/amandus.se\/blogg\/index.php?rest_route=%2Fwp%2Fv2%2Fcategories&post=3784"},{"taxonomy":"post_tag","embeddable":true,"href":"https:\/\/amandus.se\/blogg\/index.php?rest_route=%2Fwp%2Fv2%2Ftags&post=3784"}],"curies":[{"name":"wp","href":"https:\/\/api.w.org\/{rel}","templated":true}]}}