{"id":864,"date":"2012-08-10T16:52:57","date_gmt":"2012-08-10T14:52:57","guid":{"rendered":"http:\/\/amandus.se\/blogg\/?p=864"},"modified":"2012-10-20T19:21:23","modified_gmt":"2012-10-20T17:21:23","slug":"fran-vast-mot-ost-98","status":"publish","type":"post","link":"https:\/\/amandus.se\/blogg\/?p=864","title":{"rendered":"Fr\u00e5n v\u00e4st mot \u00f6st, 9\/8"},"content":{"rendered":"<p>Ig\u00e5r\u00a0l\u00e4mnade vi v\u00e4stkusten f\u00f6r att avsluta semestern p\u00e5 \u00d6land. Lampan lockade inte till sig n\u00e5got sp\u00e4nnande. Ikv\u00e4ll tar vi nya tag och hoppas p\u00e5 rara fynd. Blev inte n\u00e5got sp\u00e4nnande men \u00e4nda en trevlig tur.<\/p>\n<p>&nbsp;<\/p>\n<p>&nbsp;<\/p>\n<p>&nbsp;<\/p>\n<p>&nbsp;<\/p>\n<p>&nbsp;<\/p>\n<p>&nbsp;<\/p>\n","protected":false},"excerpt":{"rendered":"<p>Ig\u00e5r\u00a0l\u00e4mnade vi v\u00e4stkusten f\u00f6r att avsluta semestern p\u00e5 \u00d6land. Lampan lockade inte till sig n\u00e5got sp\u00e4nnande. Ikv\u00e4ll tar vi nya tag och hoppas p\u00e5 rara fynd. Blev inte n\u00e5got sp\u00e4nnande men \u00e4nda en trevlig tur. &nbsp; &nbsp; &nbsp; &nbsp; &nbsp; &nbsp;<\/p>\n","protected":false},"author":1,"featured_media":0,"comment_status":"open","ping_status":"open","sticky":false,"template":"","format":"standard","meta":{"footnotes":""},"categories":[5,6],"tags":[],"class_list":["post-864","post","type-post","status-publish","format-standard","hentry","category-fjarilarbutterfly","category-sverigesweden"],"_links":{"self":[{"href":"https:\/\/amandus.se\/blogg\/index.php?rest_route=\/wp\/v2\/posts\/864","targetHints":{"allow":["GET"]}}],"collection":[{"href":"https:\/\/amandus.se\/blogg\/index.php?rest_route=\/wp\/v2\/posts"}],"about":[{"href":"https:\/\/amandus.se\/blogg\/index.php?rest_route=\/wp\/v2\/types\/post"}],"author":[{"embeddable":true,"href":"https:\/\/amandus.se\/blogg\/index.php?rest_route=\/wp\/v2\/users\/1"}],"replies":[{"embeddable":true,"href":"https:\/\/amandus.se\/blogg\/index.php?rest_route=%2Fwp%2Fv2%2Fcomments&post=864"}],"version-history":[{"count":2,"href":"https:\/\/amandus.se\/blogg\/index.php?rest_route=\/wp\/v2\/posts\/864\/revisions"}],"predecessor-version":[{"id":867,"href":"https:\/\/amandus.se\/blogg\/index.php?rest_route=\/wp\/v2\/posts\/864\/revisions\/867"}],"wp:attachment":[{"href":"https:\/\/amandus.se\/blogg\/index.php?rest_route=%2Fwp%2Fv2%2Fmedia&parent=864"}],"wp:term":[{"taxonomy":"category","embeddable":true,"href":"https:\/\/amandus.se\/blogg\/index.php?rest_route=%2Fwp%2Fv2%2Fcategories&post=864"},{"taxonomy":"post_tag","embeddable":true,"href":"https:\/\/amandus.se\/blogg\/index.php?rest_route=%2Fwp%2Fv2%2Ftags&post=864"}],"curies":[{"name":"wp","href":"https:\/\/api.w.org\/{rel}","templated":true}]}}