{"id":868,"date":"2012-10-20T19:34:32","date_gmt":"2012-10-20T17:34:32","guid":{"rendered":"http:\/\/amandus.se\/blogg\/?p=868"},"modified":"2012-10-21T20:13:56","modified_gmt":"2012-10-21T18:13:56","slug":"sol-i-skane-visade-vaderrapporten-alltsa-blev-det-en-skanetur-19-21-okt","status":"publish","type":"post","link":"https:\/\/amandus.se\/blogg\/?p=868","title":{"rendered":"Sol i Sk\u00e5ne visade v\u00e4derrapporten. Allts\u00e5 blev det en Sk\u00e5netur 19 &#8211; 21 okt."},"content":{"rendered":"<p>L\u00e4mnade ett regnigt V\u00e4rs\u00e5s. N\u00e4r vi kom fram till \u00c4ngelholm sken solen och termometern visade p\u00e5 17 grader. P\u00e5 kv\u00e4llen satte vi upp lampan i trakten av V\u00e5xtorp. Efter en liten stund kom den vi v\u00e4ntat p\u00e5, en <strong><span style=\"color: #0000ff;\">legatella. <\/span><\/strong><span style=\"color: #0000ff;\"><span style=\"color: #000000;\">En stund senare kom \u00e4nnu en. Varm och sk\u00f6n kv\u00e4ll, dessutom lyckad!<\/span><\/span><\/p>\n<p><span style=\"color: #0000ff;\"><span style=\"color: #000000;\">I dag den 20 okt. har det varit som mest 19 grader, sommarv\u00e4rme! I kv\u00e4ll lyser lampan p\u00e5 Kullaberg.\u00a0Hoppas p\u00e5 att en\u00a0<\/span><span style=\"color: #000000;\">buettneri<\/span><strong><\/strong><span style=\"color: #000000;\"><strong><span style=\"color: #0000ff;\">\u00a0<\/span><\/strong><span style=\"color: #0000ff;\"><span style=\"color: #000000;\">ska komma inflygande till lampan. Ingen buettneri kom\u00a0men \u00e4nd\u00e5 en\u00a0fin och varm\u00a0kv\u00e4ll!<\/span><\/span><\/span><\/span><\/p>\n<p>&nbsp;<\/p>\n","protected":false},"excerpt":{"rendered":"<p>L\u00e4mnade ett regnigt V\u00e4rs\u00e5s. N\u00e4r vi kom fram till \u00c4ngelholm sken solen och termometern visade p\u00e5 17 grader. P\u00e5 kv\u00e4llen satte vi upp lampan i trakten av V\u00e5xtorp. Efter en liten stund kom den vi v\u00e4ntat p\u00e5, en legatella. En stund senare kom \u00e4nnu en. Varm och sk\u00f6n kv\u00e4ll, dessutom lyckad! I dag den 20 &hellip; <a href=\"https:\/\/amandus.se\/blogg\/?p=868\" class=\"more-link\">Forts\u00e4tt l\u00e4sa <span class=\"screen-reader-text\">Sol i Sk\u00e5ne visade v\u00e4derrapporten. Allts\u00e5 blev det en Sk\u00e5netur 19 &#8211; 21 okt.<\/span> <span class=\"meta-nav\">&rarr;<\/span><\/a><\/p>\n","protected":false},"author":1,"featured_media":0,"comment_status":"open","ping_status":"open","sticky":false,"template":"","format":"standard","meta":{"footnotes":""},"categories":[5,6],"tags":[],"class_list":["post-868","post","type-post","status-publish","format-standard","hentry","category-fjarilarbutterfly","category-sverigesweden"],"_links":{"self":[{"href":"https:\/\/amandus.se\/blogg\/index.php?rest_route=\/wp\/v2\/posts\/868","targetHints":{"allow":["GET"]}}],"collection":[{"href":"https:\/\/amandus.se\/blogg\/index.php?rest_route=\/wp\/v2\/posts"}],"about":[{"href":"https:\/\/amandus.se\/blogg\/index.php?rest_route=\/wp\/v2\/types\/post"}],"author":[{"embeddable":true,"href":"https:\/\/amandus.se\/blogg\/index.php?rest_route=\/wp\/v2\/users\/1"}],"replies":[{"embeddable":true,"href":"https:\/\/amandus.se\/blogg\/index.php?rest_route=%2Fwp%2Fv2%2Fcomments&post=868"}],"version-history":[{"count":5,"href":"https:\/\/amandus.se\/blogg\/index.php?rest_route=\/wp\/v2\/posts\/868\/revisions"}],"predecessor-version":[{"id":873,"href":"https:\/\/amandus.se\/blogg\/index.php?rest_route=\/wp\/v2\/posts\/868\/revisions\/873"}],"wp:attachment":[{"href":"https:\/\/amandus.se\/blogg\/index.php?rest_route=%2Fwp%2Fv2%2Fmedia&parent=868"}],"wp:term":[{"taxonomy":"category","embeddable":true,"href":"https:\/\/amandus.se\/blogg\/index.php?rest_route=%2Fwp%2Fv2%2Fcategories&post=868"},{"taxonomy":"post_tag","embeddable":true,"href":"https:\/\/amandus.se\/blogg\/index.php?rest_route=%2Fwp%2Fv2%2Ftags&post=868"}],"curies":[{"name":"wp","href":"https:\/\/api.w.org\/{rel}","templated":true}]}}