{"id":918,"date":"2013-05-10T23:47:24","date_gmt":"2013-05-10T21:47:24","guid":{"rendered":"http:\/\/amandus.se\/blogg\/?p=918"},"modified":"2013-05-11T11:34:35","modified_gmt":"2013-05-11T09:34:35","slug":"fangade-och-klackta-pa-malmon-26-284","status":"publish","type":"post","link":"https:\/\/amandus.se\/blogg\/?p=918","title":{"rendered":"F\u00e5ngade och kl\u00e4ckta p\u00e5 Malm\u00f6n 26-28\/4"},"content":{"rendered":"<p><span style=\"color: #000000;\">Helgen 26-28 april \u00e5kte vi till Malm\u00f6n. L\u00f6rdag kv\u00e4ll passade vi p\u00e5 att t\u00e4nda lampan i ett nedlagt stenbrott f\u00f6r att se om det var n\u00e5got p\u00e5 g\u00e5ng. F\u00f6rutom vanligare arter som olika s\u00e4lgflyn kom \u00e4ven en<\/span> <strong><span style=\"color: #0000ff;\">X. areola. <\/span><\/strong><span style=\"color: #0000ff;\"><span style=\"color: #000000;\">N\u00e4r<\/span><\/span><span style=\"color: #0000ff;\"><span style=\"color: #000000;\"> vi kom hem hade en av <strong><span style=\"color: #0000ff;\">C. argentea <\/span><\/strong><\/span><span style=\"color: #000000;\">pupporna kl\u00e4ckts. Larverna togs i Sk\u00e5ne 2011. Efter ytterligare tv\u00e5 dagar kl\u00e4cktes den andra puppan. Resultatet blev en hona och en hane. Kul!<\/span><\/span><\/p>\n<figure id=\"attachment_925\" aria-describedby=\"caption-attachment-925\" style=\"width: 200px\" class=\"wp-caption alignright\"><a href=\"https:\/\/amandus.se\/blogg\/wp-content\/uploads\/2013\/05\/IMG_29061.jpg\"><img loading=\"lazy\" decoding=\"async\" class=\"size-medium wp-image-925\" alt=\"X. areola\" src=\"https:\/\/amandus.se\/blogg\/wp-content\/uploads\/2013\/05\/IMG_29061-200x300.jpg\" width=\"200\" height=\"300\" srcset=\"https:\/\/amandus.se\/blogg\/wp-content\/uploads\/2013\/05\/IMG_29061-200x300.jpg 200w, https:\/\/amandus.se\/blogg\/wp-content\/uploads\/2013\/05\/IMG_29061.jpg 400w\" sizes=\"auto, (max-width: 200px) 100vw, 200px\" \/><\/a><figcaption id=\"caption-attachment-925\" class=\"wp-caption-text\">X. areola<\/figcaption><\/figure>\n<figure id=\"attachment_924\" aria-describedby=\"caption-attachment-924\" style=\"width: 300px\" class=\"wp-caption alignleft\"><a href=\"https:\/\/amandus.se\/blogg\/wp-content\/uploads\/2013\/05\/IMG_28841.jpg\"><img loading=\"lazy\" decoding=\"async\" class=\"size-medium wp-image-924\" alt=\"C. argentea\" src=\"https:\/\/amandus.se\/blogg\/wp-content\/uploads\/2013\/05\/IMG_28841-300x200.jpg\" width=\"300\" height=\"200\" srcset=\"https:\/\/amandus.se\/blogg\/wp-content\/uploads\/2013\/05\/IMG_28841-300x200.jpg 300w, https:\/\/amandus.se\/blogg\/wp-content\/uploads\/2013\/05\/IMG_28841.jpg 400w\" sizes=\"auto, (max-width: 300px) 100vw, 300px\" \/><\/a><figcaption id=\"caption-attachment-924\" class=\"wp-caption-text\">C. argentea<\/figcaption><\/figure>\n<p>&nbsp;<\/p>\n<p>&nbsp;<\/p>\n<p>&nbsp;<\/p>\n<p>&nbsp;<\/p>\n<p>&nbsp;<\/p>\n<p>&nbsp;<\/p>\n<p>&nbsp;<\/p>\n<p>&nbsp;<\/p>\n","protected":false},"excerpt":{"rendered":"<p>Helgen 26-28 april \u00e5kte vi till Malm\u00f6n. L\u00f6rdag kv\u00e4ll passade vi p\u00e5 att t\u00e4nda lampan i ett nedlagt stenbrott f\u00f6r att se om det var n\u00e5got p\u00e5 g\u00e5ng. F\u00f6rutom vanligare arter som olika s\u00e4lgflyn kom \u00e4ven en X. areola. N\u00e4r vi kom hem hade en av C. argentea pupporna kl\u00e4ckts. Larverna togs i Sk\u00e5ne 2011. &hellip; <a href=\"https:\/\/amandus.se\/blogg\/?p=918\" class=\"more-link\">Forts\u00e4tt l\u00e4sa <span class=\"screen-reader-text\">F\u00e5ngade och kl\u00e4ckta p\u00e5 Malm\u00f6n 26-28\/4<\/span> <span class=\"meta-nav\">&rarr;<\/span><\/a><\/p>\n","protected":false},"author":1,"featured_media":0,"comment_status":"open","ping_status":"open","sticky":false,"template":"","format":"standard","meta":{"footnotes":""},"categories":[5,6],"tags":[],"class_list":["post-918","post","type-post","status-publish","format-standard","hentry","category-fjarilarbutterfly","category-sverigesweden"],"_links":{"self":[{"href":"https:\/\/amandus.se\/blogg\/index.php?rest_route=\/wp\/v2\/posts\/918","targetHints":{"allow":["GET"]}}],"collection":[{"href":"https:\/\/amandus.se\/blogg\/index.php?rest_route=\/wp\/v2\/posts"}],"about":[{"href":"https:\/\/amandus.se\/blogg\/index.php?rest_route=\/wp\/v2\/types\/post"}],"author":[{"embeddable":true,"href":"https:\/\/amandus.se\/blogg\/index.php?rest_route=\/wp\/v2\/users\/1"}],"replies":[{"embeddable":true,"href":"https:\/\/amandus.se\/blogg\/index.php?rest_route=%2Fwp%2Fv2%2Fcomments&post=918"}],"version-history":[{"count":4,"href":"https:\/\/amandus.se\/blogg\/index.php?rest_route=\/wp\/v2\/posts\/918\/revisions"}],"predecessor-version":[{"id":923,"href":"https:\/\/amandus.se\/blogg\/index.php?rest_route=\/wp\/v2\/posts\/918\/revisions\/923"}],"wp:attachment":[{"href":"https:\/\/amandus.se\/blogg\/index.php?rest_route=%2Fwp%2Fv2%2Fmedia&parent=918"}],"wp:term":[{"taxonomy":"category","embeddable":true,"href":"https:\/\/amandus.se\/blogg\/index.php?rest_route=%2Fwp%2Fv2%2Fcategories&post=918"},{"taxonomy":"post_tag","embeddable":true,"href":"https:\/\/amandus.se\/blogg\/index.php?rest_route=%2Fwp%2Fv2%2Ftags&post=918"}],"curies":[{"name":"wp","href":"https:\/\/api.w.org\/{rel}","templated":true}]}}