{"id":937,"date":"2013-06-10T22:30:33","date_gmt":"2013-06-10T20:30:33","guid":{"rendered":"http:\/\/amandus.se\/blogg\/?p=937"},"modified":"2013-06-11T21:01:42","modified_gmt":"2013-06-11T19:01:42","slug":"bra-lys-pa-malmon-24-maj-13","status":"publish","type":"post","link":"https:\/\/amandus.se\/blogg\/?p=937","title":{"rendered":"Bra lys p\u00e5 Malm\u00f6n 24 maj-13"},"content":{"rendered":"<p>P\u00e5 Malm\u00f6n \u00e4r det mest berg. Det finns dock\u00a0lite tr\u00e4d och annat sm\u00e5tt och gott som v\u00e4xer d\u00e4r. P\u00e5 norra delen finns ett stort\u00a0omr\u00e5de med ljung. Vi t\u00e4nde lampan i ljungomr\u00e5det, kanske det skulle kunna dyka upp n\u00e5gon\u00a0<em><strong><span style=\"color: #0000ff;\">hippocastanaria,<\/span><\/strong><\/em><em><\/em><span style=\"color: #000000;\">om vi hade tur. Tur hade vi! Det kom s\u00e4kert ett hundratal (p\u00e5 en lampa).<\/span><\/p>\n<p>Kv\u00e4llen d\u00e4rp\u00e5 t\u00e4nde vi lampan p\u00e5 Bua hed, vid \u00c5byfjorden. Hade hoppats p\u00e5 <em><strong>fagaria,<\/strong><\/em><strong> <\/strong>men det kom ingen. D\u00e4remot fl\u00f6g ett tjugotal <em><strong><span style=\"color: #0000ff;\">hippocastanaria.<\/span><\/strong><\/em><\/p>\n<figure id=\"attachment_952\" aria-describedby=\"caption-attachment-952\" style=\"width: 200px\" class=\"wp-caption alignleft\"><a href=\"https:\/\/amandus.se\/blogg\/wp-content\/uploads\/2013\/06\/IMG_3032-45-2.jpg\"><img loading=\"lazy\" decoding=\"async\" class=\"size-medium wp-image-952\" alt=\"hippocastanaria\" src=\"https:\/\/amandus.se\/blogg\/wp-content\/uploads\/2013\/06\/IMG_3032-45-2-200x300.jpg\" width=\"200\" height=\"300\" srcset=\"https:\/\/amandus.se\/blogg\/wp-content\/uploads\/2013\/06\/IMG_3032-45-2-200x300.jpg 200w, https:\/\/amandus.se\/blogg\/wp-content\/uploads\/2013\/06\/IMG_3032-45-2.jpg 300w\" sizes=\"auto, (max-width: 200px) 100vw, 200px\" \/><\/a><figcaption id=\"caption-attachment-952\" class=\"wp-caption-text\">hippocastanaria<\/figcaption><\/figure>\n","protected":false},"excerpt":{"rendered":"<p>P\u00e5 Malm\u00f6n \u00e4r det mest berg. Det finns dock\u00a0lite tr\u00e4d och annat sm\u00e5tt och gott som v\u00e4xer d\u00e4r. P\u00e5 norra delen finns ett stort\u00a0omr\u00e5de med ljung. Vi t\u00e4nde lampan i ljungomr\u00e5det, kanske det skulle kunna dyka upp n\u00e5gon\u00a0hippocastanaria,om vi hade tur. Tur hade vi! Det kom s\u00e4kert ett hundratal (p\u00e5 en lampa). Kv\u00e4llen d\u00e4rp\u00e5 t\u00e4nde &hellip; <a href=\"https:\/\/amandus.se\/blogg\/?p=937\" class=\"more-link\">Forts\u00e4tt l\u00e4sa <span class=\"screen-reader-text\">Bra lys p\u00e5 Malm\u00f6n 24 maj-13<\/span> <span class=\"meta-nav\">&rarr;<\/span><\/a><\/p>\n","protected":false},"author":1,"featured_media":0,"comment_status":"open","ping_status":"open","sticky":false,"template":"","format":"standard","meta":{"footnotes":""},"categories":[5,6],"tags":[],"class_list":["post-937","post","type-post","status-publish","format-standard","hentry","category-fjarilarbutterfly","category-sverigesweden"],"_links":{"self":[{"href":"https:\/\/amandus.se\/blogg\/index.php?rest_route=\/wp\/v2\/posts\/937","targetHints":{"allow":["GET"]}}],"collection":[{"href":"https:\/\/amandus.se\/blogg\/index.php?rest_route=\/wp\/v2\/posts"}],"about":[{"href":"https:\/\/amandus.se\/blogg\/index.php?rest_route=\/wp\/v2\/types\/post"}],"author":[{"embeddable":true,"href":"https:\/\/amandus.se\/blogg\/index.php?rest_route=\/wp\/v2\/users\/1"}],"replies":[{"embeddable":true,"href":"https:\/\/amandus.se\/blogg\/index.php?rest_route=%2Fwp%2Fv2%2Fcomments&post=937"}],"version-history":[{"count":4,"href":"https:\/\/amandus.se\/blogg\/index.php?rest_route=\/wp\/v2\/posts\/937\/revisions"}],"predecessor-version":[{"id":956,"href":"https:\/\/amandus.se\/blogg\/index.php?rest_route=\/wp\/v2\/posts\/937\/revisions\/956"}],"wp:attachment":[{"href":"https:\/\/amandus.se\/blogg\/index.php?rest_route=%2Fwp%2Fv2%2Fmedia&parent=937"}],"wp:term":[{"taxonomy":"category","embeddable":true,"href":"https:\/\/amandus.se\/blogg\/index.php?rest_route=%2Fwp%2Fv2%2Fcategories&post=937"},{"taxonomy":"post_tag","embeddable":true,"href":"https:\/\/amandus.se\/blogg\/index.php?rest_route=%2Fwp%2Fv2%2Ftags&post=937"}],"curies":[{"name":"wp","href":"https:\/\/api.w.org\/{rel}","templated":true}]}}