{"id":958,"date":"2013-06-17T10:00:06","date_gmt":"2013-06-17T08:00:06","guid":{"rendered":"http:\/\/amandus.se\/blogg\/?p=958"},"modified":"2013-06-17T10:25:55","modified_gmt":"2013-06-17T08:25:55","slug":"skams-entomologiska-foreningens-webbansvariga","status":"publish","type":"post","link":"https:\/\/amandus.se\/blogg\/?p=958","title":{"rendered":"Sk\u00e4ms, entomologiska f\u00f6reningens webansvariga!"},"content":{"rendered":"<p>Vi uppt\u00e4ckte att\u00a0SEF web hade\u00a0tagit alla <span style=\"text-decoration: underline;\">mina<\/span> bilder av entomologer (fr\u00e5n min websida)\u00a0och lagt p\u00e5 SEF:s egen websida. Detta utan att kontakta mig eller skriva vem som tagit bilden, bara helt enkelt gjort bilderna till sina.\u00a0Ett av sk\u00e4len till att jag inte vill att bilderna hamnar p\u00e5 andra sidor \u00e4r att jag har f\u00e5tt\u00a0tillst\u00e5nd av\u00a0entomologerna att l\u00e4gga bilderna p\u00e5 <strong><em>min<\/em><\/strong> sida. Allts\u00e5 inte att l\u00e5ta andra sidor anv\u00e4nda bilderna.\u00a0Bilderna \u00e4r skyddade enligt upphovsr\u00e4ttslagen s\u00e5 det \u00e4r en brottslig handling de gjorde sig skyldiga till. P\u00e5 SEF:s sida st\u00e5r klart och tydligt att deras bilder eller texter inte f\u00e5r anv\u00e4ndas utan skriftligt medgivande men det g\u00e4ller tydligen inte n\u00e4r de tar bilder fr\u00e5n andras sidor.<\/p>\n<p>N\u00e4r jag kontaktade webansvarig fick jag till svar att de trodde jag godk\u00e4nt att de fick ta bilderna???!!! Jag blev erbjuden att de kunde skriva vem som tagit bilderna , de kunde till och med l\u00e4gga l\u00e4nk till min sida p\u00e5 bilderna. Jag kunde till och med f\u00e5 bli deras &#8221;k\u00e4ndisfotograf&#8221;!!!???!!! Jag fick en urs\u00e4kt ocks\u00e5! Jag avb\u00f6jde allt sammarbete. De tog \u00e4ven bort <strong><em>mina<\/em><\/strong> bilder fr\u00e5n SEF:s sida. De hoppades att jag inte tog illa vid mig av att de tagit mina bilder. \u00c4rligt talat s\u00e5 \u00e4r jag fly f\u00f6rbxxxxx!<\/p>\n<p>S\u00e5 g\u00e5rdagens, dagens och morgondagens ris g\u00e5r till SEF webbansvariga!<\/p>\n","protected":false},"excerpt":{"rendered":"<p>Vi uppt\u00e4ckte att\u00a0SEF web hade\u00a0tagit alla mina bilder av entomologer (fr\u00e5n min websida)\u00a0och lagt p\u00e5 SEF:s egen websida. Detta utan att kontakta mig eller skriva vem som tagit bilden, bara helt enkelt gjort bilderna till sina.\u00a0Ett av sk\u00e4len till att jag inte vill att bilderna hamnar p\u00e5 andra sidor \u00e4r att jag har f\u00e5tt\u00a0tillst\u00e5nd av\u00a0entomologerna &hellip; <a href=\"https:\/\/amandus.se\/blogg\/?p=958\" class=\"more-link\">Forts\u00e4tt l\u00e4sa <span class=\"screen-reader-text\">Sk\u00e4ms, entomologiska f\u00f6reningens webansvariga!<\/span> <span class=\"meta-nav\">&rarr;<\/span><\/a><\/p>\n","protected":false},"author":1,"featured_media":0,"comment_status":"open","ping_status":"open","sticky":false,"template":"","format":"standard","meta":{"footnotes":""},"categories":[4],"tags":[],"class_list":["post-958","post","type-post","status-publish","format-standard","hentry","category-ditt-och-datt"],"_links":{"self":[{"href":"https:\/\/amandus.se\/blogg\/index.php?rest_route=\/wp\/v2\/posts\/958","targetHints":{"allow":["GET"]}}],"collection":[{"href":"https:\/\/amandus.se\/blogg\/index.php?rest_route=\/wp\/v2\/posts"}],"about":[{"href":"https:\/\/amandus.se\/blogg\/index.php?rest_route=\/wp\/v2\/types\/post"}],"author":[{"embeddable":true,"href":"https:\/\/amandus.se\/blogg\/index.php?rest_route=\/wp\/v2\/users\/1"}],"replies":[{"embeddable":true,"href":"https:\/\/amandus.se\/blogg\/index.php?rest_route=%2Fwp%2Fv2%2Fcomments&post=958"}],"version-history":[{"count":4,"href":"https:\/\/amandus.se\/blogg\/index.php?rest_route=\/wp\/v2\/posts\/958\/revisions"}],"predecessor-version":[{"id":960,"href":"https:\/\/amandus.se\/blogg\/index.php?rest_route=\/wp\/v2\/posts\/958\/revisions\/960"}],"wp:attachment":[{"href":"https:\/\/amandus.se\/blogg\/index.php?rest_route=%2Fwp%2Fv2%2Fmedia&parent=958"}],"wp:term":[{"taxonomy":"category","embeddable":true,"href":"https:\/\/amandus.se\/blogg\/index.php?rest_route=%2Fwp%2Fv2%2Fcategories&post=958"},{"taxonomy":"post_tag","embeddable":true,"href":"https:\/\/amandus.se\/blogg\/index.php?rest_route=%2Fwp%2Fv2%2Ftags&post=958"}],"curies":[{"name":"wp","href":"https:\/\/api.w.org\/{rel}","templated":true}]}}