{"id":964,"date":"2013-07-05T16:43:04","date_gmt":"2013-07-05T14:43:04","guid":{"rendered":"http:\/\/amandus.se\/blogg\/?p=964"},"modified":"2013-07-05T17:45:00","modified_gmt":"2013-07-05T15:45:00","slug":"fjallen-hagrar-aven-i-ar","status":"publish","type":"post","link":"https:\/\/amandus.se\/blogg\/?p=964","title":{"rendered":"Fj\u00e4llen h\u00e4grar \u00e4ven i \u00e5r!"},"content":{"rendered":"<p>Den f\u00f6rsta juli styrde vi bilen norrut. F\u00f6rsta stoppet blev Aln\u00f6 och tr\u00e4ff med \u00d6sten, Gunnel och Ingemar. Fika och fj\u00e4rilssnack innan vi drog vidare. I \u00e5r k\u00f6rde vi kustv\u00e4gen till T\u00f6re innan vi vek av norrut. Stannade till i Jukkasj\u00e4rvi, tr\u00e4ffade en man fr\u00e5n Danmark som bekr\u00e4ftade vad vi ocks\u00e5 sett. Inga intressanta fj\u00e4rilar.<\/p>\n<p>Den tredje juli kom vi fram till Bj\u00f6rkliden och Davvi Dallu, vandrarhemmet som \u00e4r n\u00e4stan som hemma. Vi tr\u00e4ffade Daniel Dolfe som pl\u00e5tar fj\u00e4rilar.<\/p>\n<p>P\u00e5 torsdag bokade Anders och Daniel helikopter f\u00f6r att flyga \u00f6ver Tornetr\u00e4sk till fj\u00e4llet Borrasacohkka. Det kostar om man vill ligga p\u00e5 topp(en)! De hoppades f\u00e5 se <strong><em><span style=\"color: #0000ff;\">Boloria<\/span><\/em><em><span style=\"color: #0000ff;\"> polaris<\/span><\/em><\/strong><span style=\"color: #000000;\">. Men den var \u00f6verflugen. D\u00e4remot fl\u00f6g rikligt med helt nykl\u00e4ckta <strong><em><span style=\"color: #0000ff;\">Colias\u00a0hecla,<\/span><\/em><\/strong> minst ett hundratal. Efter en mycket lyckad dag tog de helikoptern tillbaka. P\u00e5 kv\u00e4llen kom Kalevi fr\u00e5n Finland till Davvi Dallu. Trevligt fj\u00e4rilssnack och lite annat prat blev det i k\u00f6ket innan sovklockan ringde.<\/span><\/p>\n<p>Idag fredagen den femte juli var det t\u00e4nkt att Daniel, Kalevi och Anders skulle tagit liften till Njulla men regntunga skyar \u00e4ndrade de planerna. Hoppas p\u00e5 b\u00e4ttre v\u00e4der imorgon.<\/p>\n<figure id=\"attachment_965\" aria-describedby=\"caption-attachment-965\" style=\"width: 300px\" class=\"wp-caption alignright\"><a href=\"https:\/\/amandus.se\/blogg\/wp-content\/uploads\/2013\/07\/IMG_3400-kopiera.jpg\"><img loading=\"lazy\" decoding=\"async\" class=\"size-medium wp-image-965 \" alt=\"Kopulerande hecla\" src=\"https:\/\/amandus.se\/blogg\/wp-content\/uploads\/2013\/07\/IMG_3400-kopiera-300x200.jpg\" width=\"300\" height=\"200\" srcset=\"https:\/\/amandus.se\/blogg\/wp-content\/uploads\/2013\/07\/IMG_3400-kopiera-300x200.jpg 300w, https:\/\/amandus.se\/blogg\/wp-content\/uploads\/2013\/07\/IMG_3400-kopiera.jpg 400w\" sizes=\"auto, (max-width: 300px) 100vw, 300px\" \/><\/a><figcaption id=\"caption-attachment-965\" class=\"wp-caption-text\">Kopulerande hecla<\/figcaption><\/figure>\n<figure id=\"attachment_966\" aria-describedby=\"caption-attachment-966\" style=\"width: 300px\" class=\"wp-caption alignleft\"><a href=\"https:\/\/amandus.se\/blogg\/wp-content\/uploads\/2013\/07\/IMG_4485-kopiera.jpg\"><img loading=\"lazy\" decoding=\"async\" class=\"size-medium wp-image-966\" alt=\"Njulla med Lapporten i bakgrunden\" src=\"https:\/\/amandus.se\/blogg\/wp-content\/uploads\/2013\/07\/IMG_4485-kopiera-300x233.jpg\" width=\"300\" height=\"233\" srcset=\"https:\/\/amandus.se\/blogg\/wp-content\/uploads\/2013\/07\/IMG_4485-kopiera-300x233.jpg 300w, https:\/\/amandus.se\/blogg\/wp-content\/uploads\/2013\/07\/IMG_4485-kopiera.jpg 900w\" sizes=\"auto, (max-width: 300px) 100vw, 300px\" \/><\/a><figcaption id=\"caption-attachment-966\" class=\"wp-caption-text\">Njulla med Lapporten i bakgrunden<\/figcaption><\/figure>\n<figure id=\"attachment_967\" aria-describedby=\"caption-attachment-967\" style=\"width: 300px\" class=\"wp-caption alignright\"><a href=\"https:\/\/amandus.se\/blogg\/wp-content\/uploads\/2013\/07\/IMG_4487-kopiera.jpg\"><img loading=\"lazy\" decoding=\"async\" class=\"size-medium wp-image-967\" alt=\"Helikoptrarna transportet material till byggen i fj\u00e4llv\u00e4rlden\" src=\"https:\/\/amandus.se\/blogg\/wp-content\/uploads\/2013\/07\/IMG_4487-kopiera-300x225.jpg\" width=\"300\" height=\"225\" srcset=\"https:\/\/amandus.se\/blogg\/wp-content\/uploads\/2013\/07\/IMG_4487-kopiera-300x225.jpg 300w, https:\/\/amandus.se\/blogg\/wp-content\/uploads\/2013\/07\/IMG_4487-kopiera.jpg 900w\" sizes=\"auto, (max-width: 300px) 100vw, 300px\" \/><\/a><figcaption id=\"caption-attachment-967\" class=\"wp-caption-text\">Helikoptrarna transportet material till byggen i fj\u00e4llv\u00e4rlden<\/figcaption><\/figure>\n<figure id=\"attachment_968\" aria-describedby=\"caption-attachment-968\" style=\"width: 300px\" class=\"wp-caption aligncenter\"><a href=\"https:\/\/amandus.se\/blogg\/wp-content\/uploads\/2013\/07\/IMG_4488-kopiera.jpg\"><img loading=\"lazy\" decoding=\"async\" class=\"size-medium wp-image-968\" alt=\"V\u00e5rt favorit vandrarhem Davvi Dallu\" src=\"https:\/\/amandus.se\/blogg\/wp-content\/uploads\/2013\/07\/IMG_4488-kopiera-300x225.jpg\" width=\"300\" height=\"225\" srcset=\"https:\/\/amandus.se\/blogg\/wp-content\/uploads\/2013\/07\/IMG_4488-kopiera-300x225.jpg 300w, https:\/\/amandus.se\/blogg\/wp-content\/uploads\/2013\/07\/IMG_4488-kopiera.jpg 900w\" sizes=\"auto, (max-width: 300px) 100vw, 300px\" \/><\/a><figcaption id=\"caption-attachment-968\" class=\"wp-caption-text\">V\u00e5rt favorit vandrarhem Davvi Dallu<\/figcaption><\/figure>\n<p>&nbsp;<\/p>\n","protected":false},"excerpt":{"rendered":"<p>Den f\u00f6rsta juli styrde vi bilen norrut. F\u00f6rsta stoppet blev Aln\u00f6 och tr\u00e4ff med \u00d6sten, Gunnel och Ingemar. Fika och fj\u00e4rilssnack innan vi drog vidare. I \u00e5r k\u00f6rde vi kustv\u00e4gen till T\u00f6re innan vi vek av norrut. Stannade till i Jukkasj\u00e4rvi, tr\u00e4ffade en man fr\u00e5n Danmark som bekr\u00e4ftade vad vi ocks\u00e5 sett. Inga intressanta fj\u00e4rilar. &hellip; <a href=\"https:\/\/amandus.se\/blogg\/?p=964\" class=\"more-link\">Forts\u00e4tt l\u00e4sa <span class=\"screen-reader-text\">Fj\u00e4llen h\u00e4grar \u00e4ven i \u00e5r!<\/span> <span class=\"meta-nav\">&rarr;<\/span><\/a><\/p>\n","protected":false},"author":1,"featured_media":0,"comment_status":"open","ping_status":"open","sticky":false,"template":"","format":"standard","meta":{"footnotes":""},"categories":[5,6],"tags":[],"class_list":["post-964","post","type-post","status-publish","format-standard","hentry","category-fjarilarbutterfly","category-sverigesweden"],"_links":{"self":[{"href":"https:\/\/amandus.se\/blogg\/index.php?rest_route=\/wp\/v2\/posts\/964","targetHints":{"allow":["GET"]}}],"collection":[{"href":"https:\/\/amandus.se\/blogg\/index.php?rest_route=\/wp\/v2\/posts"}],"about":[{"href":"https:\/\/amandus.se\/blogg\/index.php?rest_route=\/wp\/v2\/types\/post"}],"author":[{"embeddable":true,"href":"https:\/\/amandus.se\/blogg\/index.php?rest_route=\/wp\/v2\/users\/1"}],"replies":[{"embeddable":true,"href":"https:\/\/amandus.se\/blogg\/index.php?rest_route=%2Fwp%2Fv2%2Fcomments&post=964"}],"version-history":[{"count":4,"href":"https:\/\/amandus.se\/blogg\/index.php?rest_route=\/wp\/v2\/posts\/964\/revisions"}],"predecessor-version":[{"id":986,"href":"https:\/\/amandus.se\/blogg\/index.php?rest_route=\/wp\/v2\/posts\/964\/revisions\/986"}],"wp:attachment":[{"href":"https:\/\/amandus.se\/blogg\/index.php?rest_route=%2Fwp%2Fv2%2Fmedia&parent=964"}],"wp:term":[{"taxonomy":"category","embeddable":true,"href":"https:\/\/amandus.se\/blogg\/index.php?rest_route=%2Fwp%2Fv2%2Fcategories&post=964"},{"taxonomy":"post_tag","embeddable":true,"href":"https:\/\/amandus.se\/blogg\/index.php?rest_route=%2Fwp%2Fv2%2Ftags&post=964"}],"curies":[{"name":"wp","href":"https:\/\/api.w.org\/{rel}","templated":true}]}}