{"id":990,"date":"2013-07-12T18:21:19","date_gmt":"2013-07-12T16:21:19","guid":{"rendered":"http:\/\/amandus.se\/blogg\/?p=990"},"modified":"2013-07-12T18:21:19","modified_gmt":"2013-07-12T16:21:19","slug":"i-ar-har-inte-abiskobjorkliden-visat-sig-fran-sin-basta-sida","status":"publish","type":"post","link":"https:\/\/amandus.se\/blogg\/?p=990","title":{"rendered":"I \u00e5r har inte Abisko\/Bj\u00f6rkliden visat sig fr\u00e5n sin b\u00e4sta sida!"},"content":{"rendered":"<p>Det har regnat varje dag dessutom kraftig vind. Trots detta blev det tv\u00e5 turer till Njulla. P\u00e5 fredagen kom Bj\u00f6rn Holm och Martha till Davvi Dallu. Har n\u00e4stan blivit fj\u00e4rilssamlarnas vandrarhem. Trots v\u00e4dret har det varit en lyckad resa, tack vare hecla och lite annat.<\/p>\n<p>Imorgon avbryter vi \u00e5rets fj\u00e4lltur och styr bilen s\u00f6der\u00f6ver. Ska \u00e5ka Inlandsv\u00e4gen, hoppas att vi \u00e5tminstone f\u00e5r se lite sol. Skulle det dessutom komma n\u00e5gon fj\u00e4ril \u00e4r det \u00e4nnu b\u00e4ttre!<\/p>\n<p><a href=\"https:\/\/amandus.se\/blogg\/?attachment_id=993\" rel=\"attachment wp-att-993\"><img loading=\"lazy\" decoding=\"async\" class=\"alignleft size-medium wp-image-993\" alt=\"IMG_1121 kopiera\" src=\"https:\/\/amandus.se\/blogg\/wp-content\/uploads\/2013\/07\/IMG_1121-kopiera-265x300.jpg\" width=\"265\" height=\"300\" srcset=\"https:\/\/amandus.se\/blogg\/wp-content\/uploads\/2013\/07\/IMG_1121-kopiera-265x300.jpg 265w, https:\/\/amandus.se\/blogg\/wp-content\/uploads\/2013\/07\/IMG_1121-kopiera.jpg 500w\" sizes=\"auto, (max-width: 265px) 100vw, 265px\" \/><\/a> <a href=\"https:\/\/amandus.se\/blogg\/?attachment_id=994\" rel=\"attachment wp-att-994\"><img loading=\"lazy\" decoding=\"async\" class=\"alignright size-medium wp-image-994\" alt=\"IMG_1127 kopiera\" src=\"https:\/\/amandus.se\/blogg\/wp-content\/uploads\/2013\/07\/IMG_1127-kopiera-300x225.jpg\" width=\"300\" height=\"225\" srcset=\"https:\/\/amandus.se\/blogg\/wp-content\/uploads\/2013\/07\/IMG_1127-kopiera-300x225.jpg 300w, https:\/\/amandus.se\/blogg\/wp-content\/uploads\/2013\/07\/IMG_1127-kopiera.jpg 500w\" sizes=\"auto, (max-width: 300px) 100vw, 300px\" \/><\/a><\/p>\n","protected":false},"excerpt":{"rendered":"<p>Det har regnat varje dag dessutom kraftig vind. Trots detta blev det tv\u00e5 turer till Njulla. P\u00e5 fredagen kom Bj\u00f6rn Holm och Martha till Davvi Dallu. Har n\u00e4stan blivit fj\u00e4rilssamlarnas vandrarhem. Trots v\u00e4dret har det varit en lyckad resa, tack vare hecla och lite annat. Imorgon avbryter vi \u00e5rets fj\u00e4lltur och styr bilen s\u00f6der\u00f6ver. Ska &hellip; <a href=\"https:\/\/amandus.se\/blogg\/?p=990\" class=\"more-link\">Forts\u00e4tt l\u00e4sa <span class=\"screen-reader-text\">I \u00e5r har inte Abisko\/Bj\u00f6rkliden visat sig fr\u00e5n sin b\u00e4sta sida!<\/span> <span class=\"meta-nav\">&rarr;<\/span><\/a><\/p>\n","protected":false},"author":1,"featured_media":0,"comment_status":"open","ping_status":"open","sticky":false,"template":"","format":"standard","meta":{"footnotes":""},"categories":[5,6],"tags":[],"class_list":["post-990","post","type-post","status-publish","format-standard","hentry","category-fjarilarbutterfly","category-sverigesweden"],"_links":{"self":[{"href":"https:\/\/amandus.se\/blogg\/index.php?rest_route=\/wp\/v2\/posts\/990","targetHints":{"allow":["GET"]}}],"collection":[{"href":"https:\/\/amandus.se\/blogg\/index.php?rest_route=\/wp\/v2\/posts"}],"about":[{"href":"https:\/\/amandus.se\/blogg\/index.php?rest_route=\/wp\/v2\/types\/post"}],"author":[{"embeddable":true,"href":"https:\/\/amandus.se\/blogg\/index.php?rest_route=\/wp\/v2\/users\/1"}],"replies":[{"embeddable":true,"href":"https:\/\/amandus.se\/blogg\/index.php?rest_route=%2Fwp%2Fv2%2Fcomments&post=990"}],"version-history":[{"count":2,"href":"https:\/\/amandus.se\/blogg\/index.php?rest_route=\/wp\/v2\/posts\/990\/revisions"}],"predecessor-version":[{"id":996,"href":"https:\/\/amandus.se\/blogg\/index.php?rest_route=\/wp\/v2\/posts\/990\/revisions\/996"}],"wp:attachment":[{"href":"https:\/\/amandus.se\/blogg\/index.php?rest_route=%2Fwp%2Fv2%2Fmedia&parent=990"}],"wp:term":[{"taxonomy":"category","embeddable":true,"href":"https:\/\/amandus.se\/blogg\/index.php?rest_route=%2Fwp%2Fv2%2Fcategories&post=990"},{"taxonomy":"post_tag","embeddable":true,"href":"https:\/\/amandus.se\/blogg\/index.php?rest_route=%2Fwp%2Fv2%2Ftags&post=990"}],"curies":[{"name":"wp","href":"https:\/\/api.w.org\/{rel}","templated":true}]}}